{"id":726,"date":"2024-03-09T12:26:05","date_gmt":"2024-03-09T12:26:05","guid":{"rendered":"https:\/\/vincit3.com.br\/?p=726"},"modified":"2024-03-09T12:26:05","modified_gmt":"2024-03-09T12:26:05","slug":"novos-tempos-de-opressao-e-pressao","status":"publish","type":"post","link":"https:\/\/vincit3.com.br\/index.php\/2024\/03\/09\/novos-tempos-de-opressao-e-pressao\/","title":{"rendered":"Novos Tempos de Opress\u00e3o e Press\u00e3o"},"content":{"rendered":"<p style=\"text-align: justify;\">&#8211; N\u00f3s \u00faltimos quatro anos foi observado significativas mudan\u00e7as sociais e pol\u00edticas geradas por grupos que agem como se fossem os &#8220;Donos do Mundo&#8221;. Agem como se fossem os salvadores do planeta com uma crise ambiental, pois uma &#8220;praga&#8221; est\u00e1 contribuindo para destrui-lo.<\/p>\n<p style=\"text-align: justify;\">&#8211; Essa &#8220;praga&#8221; espalhou-se pelo planeta, no entanto temos um paradoxo. \u00c9 exatamente essa praga que enriqueceu esses &#8220;Donos do Mundo&#8221;. Alguns deles ficaram conhecidos nos EUA como os &#8220;Bar\u00f5es Ladr\u00f5es&#8221; e hoje esses cl\u00e3s dominam grande parte das institui\u00e7\u00f5es\u00a0governamentais e in\u00fameros\u00a0\u00f3rg\u00e3os independentes, como, por exemplo, a OMS, a Big Pharma com seus experimentos g\u00eanicos, alimentos transg\u00eanicos da Monsanto e muito mais.<\/p>\n<p style=\"text-align: justify;\">&#8211;\u00a0 Esses cl\u00e3s chegaram a um ponto de dom\u00ednio econ\u00f4mico que praticamente mais de 80% da riqueza mundial est\u00e1 sob o dom\u00ednio deles e, o mais interessante, \u00e9 que esses cl\u00e3s representam n\u00e3o mais do que 1% da popula\u00e7\u00e3o da Terra. Esse tema est\u00e1 muito bem desenvolvido em um document\u00e1rio criado por Tim Gielen e vai muito al\u00e9m de uma simples teoria da conspira\u00e7\u00e3o\u00a0<strong>(1)<\/strong>.<\/p>\n<p style=\"text-align: justify;\">\u00a0&#8211; Agora, um dos objetivos desses deuses, pois alguns j\u00e1 tem a certeza de que s\u00e3o deuses, querem eliminar a grande parte dessa &#8220;praga&#8221; prejudicial ao planeta. Medidas foram tomadas lentamente desde d\u00e9cadas\u00a0passadas e agora partem para uma nova ordem econ\u00f4mica\u00a0e social, onde n\u00e3o haver\u00e1 lugar para todos.<\/p>\n<p style=\"text-align: justify;\">&#8211; Entre as medidas que est\u00e3o sendo tomadas, temos o uso de ferramentas, que j\u00e1 est\u00e3o proporcionando uma limpeza, a qual ir\u00e1 salvar o planeta da &#8220;praga&#8221;. e assim\u00a0 j\u00e1 est\u00e1 sendo constru\u00eddo o Admir\u00e1vel Mundo Novo obviamente para poucos sobreviventes que ser\u00e3o escravizados. Qualquer coincid\u00eancia\u00a0com o romance de 1932, do escritor Huxel n\u00e3o ser\u00e1\u00a0 mais uma mera coincid\u00eancia.<\/p>\n<p style=\"text-align: justify;\">\u00a0&#8211; Felizmente, esses &#8220;Donos do Mundo&#8221;\u00a0 n\u00e3o conseguiram dominar, manipular e condicionar\u00a0 milhares\u00a0de\u00a0 m\u00e9dicos, de cientistas, de advogados, entre outros, os quais, apesar das amea\u00e7as, de mortes suspeitas e outros formas de\u00a0 press\u00e3o, n\u00e3o permitiram que seus ouvidos deixassem de escutar, seus olhos\u00a0deixassem de ver\u00a0e suas bocas deixassem de falar. S\u00e3o os dissidentes, s\u00e3o as pedras no caminhos desses Deuses. A resist\u00eancia est\u00e1 se formando!<\/p>\n<p style=\"text-align: justify;\">\u00a0&#8211; O importante para a &#8220;praga perigosa&#8221; \u00e9 tomar consci\u00eancia do que est\u00e1 sendo aplicado\u00a0em seus corpos, das ferramentas de hipnose coletiva, das frequ\u00eancias causadoras\u00a0de doen\u00e7as, entre outras armas,\u00a0 das guerrinhas planejadas como a da Ucr\u00e2nia\u00a0 e inclusive da\u00a0 velha e conhecida arma da fome, muito bem aplicada em Holodomor.<\/p>\n<p style=\"text-align: justify;\">&#8211; Para tanto, para aqueles que tentam sair da bolha\u00a0 imposta, para aqueles que querem tomar a p\u00edlula\u00a0vermelha<strong>(2)<\/strong>\u00a0e tomarem consci\u00eancia da verdade escondida, seria indicado que pesquisassem e fundamentassem tudo, nunca se esquecendo de que a hist\u00f3ria imposta pelos vencedores, pelos &#8220;Donos do Mundo&#8221; \u00e9 &#8220;um conjunto de mentiras combinadas (Napole\u00e3o. Bonaparte)&#8221;.<\/p>\n<p style=\"text-align: justify;\">\u00a0&#8211; Seguindo essa linha de conscientiza\u00e7\u00e3o, deixo aqui para reflex\u00e3o a sugest\u00e3o de assistirem a\u00a0<a href=\"https:\/\/vincit3.blogspot.com\/2023\/12\/audiencia-publica-obrigatoriedade-de.html\">Audi\u00eancia\u00a0P\u00fablica ocorrida no Paran\u00e3 &#8211; Obrigatoriedade\u00a0da Vacinas Covid-19 em crian\u00e7as de 6 meses a cinco anos<\/a>\u00a0<strong>(3, 4)<\/strong>;\u00a0Primeiro e Segundo Congresso Mundial de M\u00e9dicos Pela Vida\u00a0<strong>(5)<\/strong>\u00a0e uma decis\u00e3o judicial\u00a0 ocorrida no processo 5002310-48.2024.8.24.0020,\u00a0agora em fevereiro de 2024,\u00a0sen\u00e3o vejamos essa decis\u00e3o\u00a0<strong>(6)<\/strong>:<\/p>\n<p style=\"text-align: justify;\"><em><strong>Decis\u00e3o judicial<\/strong><\/em><\/p>\n<p style=\"text-align: justify;\"><em><strong>Na semana passada, o juiz Evandro Volmar Rizzo, da 2\u00aa Vara da Fazenda P\u00fablica de Crici\u00fama (SC), decidiu suspender um decreto municipal que suspendia a exig\u00eancia de esquema vacinal completo para matr\u00edcula e rematr\u00edcula escolar.<\/strong><\/em><\/p>\n<p style=\"text-align: justify;\"><em><strong>O julgador entendeu que dispensar a exig\u00eancia de vacina contra a Covid-19 para matr\u00edcula e rematr\u00edcula viola decis\u00f5es do Supremo Tribunal Federal sobre o tema e o artigo 14, \u00a71\u00ba, do Estatuto da Crian\u00e7a e do Adolescente (ECA), na medida em que o Minist\u00e9rio da Sa\u00fade decidiu pela inclus\u00e3o dessa vacina no Programa Nacional de Imuniza\u00e7\u00f5es (PNI).<\/strong><\/em><\/p>\n<p style=\"text-align: justify;\"><strong><em>&#8211;\u00a0<\/em><\/strong>Nessa guerra moderna de exterm\u00ednio (Terceira Guerra Mundial?), patrocinada pelos &#8220;Donos do Mundo&#8221;, houve v\u00e1rios outros prefeitos e governadores, que heroicamente, questionaram a aplica\u00e7\u00e3o dessas &#8220;vacinas&#8221; da Pfizer em crian\u00e7as e entre eles temos o decreto estadual do governador\/MG Romeu Zema, o qual tamb\u00e9m est\u00e1 sendo questionado. Assim no \u00faltimo dia 5 a deputada Beatriz Cerqueira (PT-MG) acionou o Minist\u00e9rio P\u00fablico e a Defensoria P\u00fablica contra a medida do governador Romeu Zena. Essa deputada, bem como outros est\u00e3o vendo apenas a pontinha do iceberg, n\u00e3o conseguem\u00a0<u>ou n\u00e3o querem ver\u00a0<\/u>o pared\u00e3o de gelo que esta abaixo. Assim, com a obrigatoriedade haver\u00e1 o surgimento das consequ\u00eancias colaterais, para muitos letais, que esse experimento g\u00eanico da Big Pharma vem ocasionando nos humanos (praga?). H\u00e1 provas, pesquisas, nexo casual, conex\u00f5es criminosas, fatos que deixam de longe a teoria da conspira\u00e7\u00e3o.<\/p>\n<p style=\"text-align: justify;\">&#8211; Que tal lerem\u00a0<em><strong>The Real Anthony Fauci;<\/strong><\/em>\u00a0<em><strong>V\u00edrus Mania; Pfizer Documents Analisy Reports; La Psicologia del Totalitarismo, Toda la verdad\u00a0 sobre el\u00a0 COVID-19 e outras obras que desmascaram a farsa? Ainda d\u00e1 tempo, a internet ainda est\u00e1 aberta!<\/strong><\/em><\/p>\n<p style=\"text-align: justify;\"><em>&#8211;\u00a0<\/em>Assistam e preparem-se, pois no Admir\u00e1vel Mundo Novo iremos ter escravos que n\u00e3o ter\u00e3o nada, por\u00e9m ser\u00e3o felizes<strong>(7)<\/strong>\u00a0(F\u00f3rum Econ\u00f4mico Mundial &#8211; Donos do Mundo) e, obviamente os dissidentes ser\u00e3o ca\u00e7ados e eliminados sutilmente ou reciclados mentalmente, bem no estilo do romance 1984 de George Orwel,l em um momento oportuno. Algu\u00e9m\u00a0duvida?<\/p>\n<p style=\"text-align: justify;\">\u00a0 &#8211; Quem viver ver\u00e1!\u00a0 Todos est\u00e3o semeando e ir\u00e3o colher obrigatoriamente!<\/p>\n<p><strong><em>REFER\u00caNCIAS<\/em><\/strong><\/p>\n<p><strong>1)<\/strong>\u00a0<a href=\"https:\/\/www.bitchute.com\/video\/zusU8mLmqQwq\/\">https:\/\/www.bitchute.com\/video\/zusU8mLmqQwq\/<\/a><\/p>\n<p><strong>2)<\/strong>\u00a0<a href=\"https:\/\/www.psicanaliseclinica.com\/pilula-em-matrix\/\">https:\/\/www.psicanaliseclinica.com\/pilula-em-matrix\/\u00a0<\/a><\/p>\n<p><strong>3)<\/strong>\u00a0<a href=\"https:\/\/vincit3.blogspot.com\/2023\/12\/audiencia-publica-obrigatoriedade-de.html\">https:\/\/vincit3.blogspot.com\/2023\/12\/audiencia-publica-obrigatoriedade-de.html<\/a><\/p>\n<p><strong>4)<\/strong>\u00a0<a href=\"https:\/\/childrenshealthdefense.org\/defender\/scientists-global-moratorium-mrna-vaccines-removal-childhood-schedule\/\">Cientistas pedem morat\u00f3ria global sobre vacinas de mRNA, remo\u00e7\u00e3o imediata da programa\u00e7\u00e3o\u00a0 infantil.<\/a><\/p>\n<p><strong>5)<\/strong>\u00a0<a href=\"https:\/\/www.bitchute.com\/channel\/tif7Zf0Q8T1K\/\">https:\/\/www.bitchute.com\/channel\/tif7Zf0Q8T1K\/<\/a><\/p>\n<p><strong>6)<\/strong><a href=\"https:\/\/www.conjur.com.br\/2024-fev-13\/governadores-e-prefeitos-correm-risco-de-serem-punidos-por-decretos-antivacina\/\">\u00a0https:\/\/www.conjur.com.br\/2024-fev-13\/governadores-e-prefeitos-correm-risco-de-serem-punidos-por-decretos-antivacina\/<\/a><\/p>\n<p><strong>7)<\/strong>\u00a0<a href=\"https:\/\/vivaavida.r7.com\/patricia-lages\/voce-nao-tera-nada-e-voce-sera-feliz-mas-quem-serao-os-infelizes-donos-de-tudo-02072023\">https:\/\/vivaavida.r7.com\/patricia-lages\/voce-nao-tera-nada-e-voce-sera-feliz-mas-quem-serao-os-infelizes-donos-de-tudo-02072023<\/a><\/p>\n","protected":false},"excerpt":{"rendered":"<p>&#8211; N\u00f3s \u00faltimos quatro anos foi observado significativas mudan\u00e7as sociais e pol\u00edticas geradas por grupos que agem como se fossem os &#8220;Donos do Mundo&#8221;. Agem como se fossem os salvadores do planeta com uma crise ambiental, pois uma &#8220;praga&#8221; est\u00e1 &hellip; <a href=\"https:\/\/vincit3.com.br\/index.php\/2024\/03\/09\/novos-tempos-de-opressao-e-pressao\/\">Continue lendo <span class=\"meta-nav\">&rarr;<\/span><\/a><\/p>\n","protected":false},"author":1,"featured_media":0,"comment_status":"open","ping_status":"open","sticky":false,"template":"","format":"standard","meta":{"footnotes":""},"categories":[1],"tags":[1108,1120,1121,1122,1123,1067,1124,1125,1072],"class_list":["post-726","post","type-post","status-publish","format-standard","hentry","category-uncategorized","tag-audiencia-publica","tag-big-pharma","tag-bonaparte","tag-covid-19","tag-genicos","tag-huxel","tag-monsanto","tag-napoleao","tag-orwell"],"_links":{"self":[{"href":"https:\/\/vincit3.com.br\/index.php\/wp-json\/wp\/v2\/posts\/726","targetHints":{"allow":["GET"]}}],"collection":[{"href":"https:\/\/vincit3.com.br\/index.php\/wp-json\/wp\/v2\/posts"}],"about":[{"href":"https:\/\/vincit3.com.br\/index.php\/wp-json\/wp\/v2\/types\/post"}],"author":[{"embeddable":true,"href":"https:\/\/vincit3.com.br\/index.php\/wp-json\/wp\/v2\/users\/1"}],"replies":[{"embeddable":true,"href":"https:\/\/vincit3.com.br\/index.php\/wp-json\/wp\/v2\/comments?post=726"}],"version-history":[{"count":1,"href":"https:\/\/vincit3.com.br\/index.php\/wp-json\/wp\/v2\/posts\/726\/revisions"}],"predecessor-version":[{"id":727,"href":"https:\/\/vincit3.com.br\/index.php\/wp-json\/wp\/v2\/posts\/726\/revisions\/727"}],"wp:attachment":[{"href":"https:\/\/vincit3.com.br\/index.php\/wp-json\/wp\/v2\/media?parent=726"}],"wp:term":[{"taxonomy":"category","embeddable":true,"href":"https:\/\/vincit3.com.br\/index.php\/wp-json\/wp\/v2\/categories?post=726"},{"taxonomy":"post_tag","embeddable":true,"href":"https:\/\/vincit3.com.br\/index.php\/wp-json\/wp\/v2\/tags?post=726"}],"curies":[{"name":"wp","href":"https:\/\/api.w.org\/{rel}","templated":true}]}}