{"id":697,"date":"2023-12-23T16:53:25","date_gmt":"2023-12-23T16:53:25","guid":{"rendered":"https:\/\/vincit3.com.br\/?p=697"},"modified":"2023-12-23T16:54:46","modified_gmt":"2023-12-23T16:54:46","slug":"nao-veras-pais-nenhum","status":"publish","type":"post","link":"https:\/\/vincit3.com.br\/index.php\/2023\/12\/23\/nao-veras-pais-nenhum\/","title":{"rendered":"N\u00e3o Ver\u00e1s Pa\u00eds Nenhum?"},"content":{"rendered":"<p style=\"text-align: justify;\">&#8211; A hist\u00f3ria contada pelos vencedores, pelos opressores, pelos ide\u00f3logos totalitaristas, incluindo a\u00ed muitas religi\u00f5es, sempre omitiram muitas verdades e muitas mentiras viraram verdades p\u00e9treas, bem no estilo Goebbelsiano (Joseph Goebbels). Sempre foi assim, por\u00e9m com o surgimento da democracia, da imprensa, de livros e mais recentemente da Internet, muitas dessas hist\u00f3rias acabaram sofrendo um processo de revisionismo e as caixas de Pandoras v\u00e3o sendo abertas para o descontentamento dos que realmente mandam, pois contra provas, fatos, imagens, documentos e nexo causal, que escaparam\u00a0 dos seus meios de controle, n\u00e3o h\u00e1 argumentos que possam soterrar esse revisionismo, por\u00e9m infelizmente, a mem\u00f3ria das massas \u00e9 de pouco alcance, uma estrat\u00e9gia muito bem articulada pelos, digamos assim, &#8220;Donos do Mundo&#8221;. O cidad\u00e3o comum se esquece rapidamente dos acontecimentos pol\u00edticos e as gera\u00e7\u00f5es seguintes s\u00e3o manipuladas e condicionadas pelo ensino estrategicamente emburrecedor. Algu\u00e9m duvida?<\/p>\n<p style=\"text-align: justify;\">&#8211; E para tanto vou deixar aqui, enquanto n\u00e3o\u00a0 ocorrer o &#8220;Grande Reset&#8221;,\u00a0 a possibilidade de fazer uma leitura sobre alguns aspectos\u00a0 da desnacionaliza\u00e7\u00e3o do Brasil, atrav\u00e9s de\u00a0 um raro op\u00fasculo,\u00a0 <strong>Um Dia na Vida do Brasilino (1961)<\/strong>;\u00a0 de um raro livro, <strong>Brasilino &#8211; O Que \u00e9 Necess\u00e1rio Saber Sobre Um Dia na Vida do Brasilino (1987)<\/strong> e do livro, n\u00e3o menos raro, <strong>S\u00e3o Mesmo Nossos os Minerais N\u00e3o Energ\u00e9ticos (1985)<\/strong>. Livros que revelam verdades, muitas das quais eu pr\u00f3prio vivi e que s\u00e3o constantemente abafadas, suprimidas, desaparecidas, violentadas.<\/p>\n<p style=\"text-align: justify;\">&#8211; Tenho a certeza de que os que fizeram a leitura, far\u00e3o reflex\u00f5es, talvez at\u00e9 mesmo passem a pesquisar o que realmente ocorreu com o Brasil antes de 1964, de 1964 at\u00e9 1985 e mais alguns anos. Vamos tomar\u00a0 conhecimento da desnacionaliza\u00e7\u00e3o do Brasil e quem foram as autoridades que venderam a suas alma para os &#8220;Donos do Mundo&#8221;.\u00a0 Lula n\u00e3o est\u00e1 sozinho nesse empreitada do mal, nessa empreitada de desnacionaliza\u00e7\u00e3o,\u00a0 nessa empreitada de reengenharia\u00a0 da Nova Ordem, a qual que, com certeza, n\u00e3o ser\u00e1 democr\u00e1tica e sim opressiva e totalitarista como no romance 1984 do escritor Orwell.\u00a0 Uma coisa \u00e9 certa Direita e Esquerda sempre foi uma ilus\u00e3o para dividir e enganar as massas tolas, o que acabou dando certo e talvez o t\u00edtulo desse pequeno artigo seja uma realidade para daqui mais alguns anos para o Brasil. Quem viver ira ver!<\/p>\n<p style=\"text-align: justify;\">&#8211; Vamos a leitura?<\/p>\n<p><a href=\"https:\/\/drive.google.com\/file\/d\/1pUfA9eqG3wEtKTHdvj8F9-axHe4MjreV\/view?usp=drive_link\"><img loading=\"lazy\" decoding=\"async\" class=\"alignnone wp-image-699\" src=\"https:\/\/vincit3.com.br\/wp-content\/uploads\/2023\/12\/Um-Dia-na-Vida-de-Brasilino-216x300.jpg\" alt=\"\" width=\"185\" height=\"257\" srcset=\"https:\/\/vincit3.com.br\/wp-content\/uploads\/2023\/12\/Um-Dia-na-Vida-de-Brasilino-216x300.jpg 216w, https:\/\/vincit3.com.br\/wp-content\/uploads\/2023\/12\/Um-Dia-na-Vida-de-Brasilino.jpg 360w\" sizes=\"auto, (max-width: 185px) 100vw, 185px\" \/><\/a><a href=\"https:\/\/drive.google.com\/file\/d\/12nzYRHrq7geYxL9n_ZLHRZoMOBjK9Kpl\/view?usp=drive_link\"><img loading=\"lazy\" decoding=\"async\" class=\"alignnone wp-image-702\" src=\"https:\/\/vincit3.com.br\/wp-content\/uploads\/2023\/12\/Um-dia-300x300.webp\" alt=\"\" width=\"254\" height=\"254\" srcset=\"https:\/\/vincit3.com.br\/wp-content\/uploads\/2023\/12\/Um-dia-300x300.webp 300w, https:\/\/vincit3.com.br\/wp-content\/uploads\/2023\/12\/Um-dia-150x150.webp 150w, https:\/\/vincit3.com.br\/wp-content\/uploads\/2023\/12\/Um-dia.webp 350w\" sizes=\"auto, (max-width: 254px) 100vw, 254px\" \/><\/a><a href=\"https:\/\/drive.google.com\/file\/d\/1HXGkq18P9taiwKR-ViD6Dbwo-8DccPtm\/view?usp=drive_link\"><img loading=\"lazy\" decoding=\"async\" class=\"alignnone wp-image-704\" style=\"text-align: justify;\" src=\"https:\/\/vincit3.com.br\/wp-content\/uploads\/2023\/12\/Sao-mesmo-nossos-os-minerais-nao-energeticos-Alte.-Roberto-Gama-e-Silva-1985_0000-197x300.jpg\" alt=\"\" width=\"160\" height=\"244\" srcset=\"https:\/\/vincit3.com.br\/wp-content\/uploads\/2023\/12\/Sao-mesmo-nossos-os-minerais-nao-energeticos-Alte.-Roberto-Gama-e-Silva-1985_0000-197x300.jpg 197w, https:\/\/vincit3.com.br\/wp-content\/uploads\/2023\/12\/Sao-mesmo-nossos-os-minerais-nao-energeticos-Alte.-Roberto-Gama-e-Silva-1985_0000-674x1024.jpg 674w, https:\/\/vincit3.com.br\/wp-content\/uploads\/2023\/12\/Sao-mesmo-nossos-os-minerais-nao-energeticos-Alte.-Roberto-Gama-e-Silva-1985_0000-768x1167.jpg 768w, https:\/\/vincit3.com.br\/wp-content\/uploads\/2023\/12\/Sao-mesmo-nossos-os-minerais-nao-energeticos-Alte.-Roberto-Gama-e-Silva-1985_0000.jpg 807w\" sizes=\"auto, (max-width: 160px) 100vw, 160px\" \/><\/a><\/p>\n<p>&nbsp;<\/p>\n","protected":false},"excerpt":{"rendered":"<p>&#8211; A hist\u00f3ria contada pelos vencedores, pelos opressores, pelos ide\u00f3logos totalitaristas, incluindo a\u00ed muitas religi\u00f5es, sempre omitiram muitas verdades e muitas mentiras viraram verdades p\u00e9treas, bem no estilo Goebbelsiano (Joseph Goebbels). Sempre foi assim, por\u00e9m com o surgimento da democracia, &hellip; <a href=\"https:\/\/vincit3.com.br\/index.php\/2023\/12\/23\/nao-veras-pais-nenhum\/\">Continue lendo <span class=\"meta-nav\">&rarr;<\/span><\/a><\/p>\n","protected":false},"author":1,"featured_media":0,"comment_status":"open","ping_status":"open","sticky":false,"template":"","format":"standard","meta":{"footnotes":""},"categories":[1],"tags":[1119,1118,1116,1117,1106,1072],"class_list":["post-697","post","type-post","status-publish","format-standard","hentry","category-uncategorized","tag-1119","tag-1118","tag-brasilino","tag-desnacionalizacao","tag-goebbels","tag-orwell"],"_links":{"self":[{"href":"https:\/\/vincit3.com.br\/index.php\/wp-json\/wp\/v2\/posts\/697","targetHints":{"allow":["GET"]}}],"collection":[{"href":"https:\/\/vincit3.com.br\/index.php\/wp-json\/wp\/v2\/posts"}],"about":[{"href":"https:\/\/vincit3.com.br\/index.php\/wp-json\/wp\/v2\/types\/post"}],"author":[{"embeddable":true,"href":"https:\/\/vincit3.com.br\/index.php\/wp-json\/wp\/v2\/users\/1"}],"replies":[{"embeddable":true,"href":"https:\/\/vincit3.com.br\/index.php\/wp-json\/wp\/v2\/comments?post=697"}],"version-history":[{"count":7,"href":"https:\/\/vincit3.com.br\/index.php\/wp-json\/wp\/v2\/posts\/697\/revisions"}],"predecessor-version":[{"id":708,"href":"https:\/\/vincit3.com.br\/index.php\/wp-json\/wp\/v2\/posts\/697\/revisions\/708"}],"wp:attachment":[{"href":"https:\/\/vincit3.com.br\/index.php\/wp-json\/wp\/v2\/media?parent=697"}],"wp:term":[{"taxonomy":"category","embeddable":true,"href":"https:\/\/vincit3.com.br\/index.php\/wp-json\/wp\/v2\/categories?post=697"},{"taxonomy":"post_tag","embeddable":true,"href":"https:\/\/vincit3.com.br\/index.php\/wp-json\/wp\/v2\/tags?post=697"}],"curies":[{"name":"wp","href":"https:\/\/api.w.org\/{rel}","templated":true}]}}