{"id":658,"date":"2023-12-01T14:38:43","date_gmt":"2023-12-01T14:38:43","guid":{"rendered":"https:\/\/vincit3.com.br\/?p=658"},"modified":"2023-12-01T14:55:07","modified_gmt":"2023-12-01T14:55:07","slug":"o-conhecimento-da-verdade-pode-ser-uma-chave-para-a-sobrevivencia-em-tempos-de-totalitarismo","status":"publish","type":"post","link":"https:\/\/vincit3.com.br\/index.php\/2023\/12\/01\/o-conhecimento-da-verdade-pode-ser-uma-chave-para-a-sobrevivencia-em-tempos-de-totalitarismo\/","title":{"rendered":"O Conhecimento da verdade, pode ser uma chave para a sobreviv\u00eancia em tempos de totalitarismo"},"content":{"rendered":"<p><img loading=\"lazy\" decoding=\"async\" class=\"aligncenter wp-image-667\" src=\"https:\/\/vincit3.com.br\/wp-content\/uploads\/2023\/12\/puppetmaster-300x300.jpg\" alt=\"\" width=\"500\" height=\"500\" srcset=\"https:\/\/vincit3.com.br\/wp-content\/uploads\/2023\/12\/puppetmaster-300x300.jpg 300w, https:\/\/vincit3.com.br\/wp-content\/uploads\/2023\/12\/puppetmaster-150x150.jpg 150w, https:\/\/vincit3.com.br\/wp-content\/uploads\/2023\/12\/puppetmaster.jpg 320w\" sizes=\"auto, (max-width: 500px) 100vw, 500px\" \/><\/p>\n<p style=\"text-align: justify;\"><span style=\"font-size: 14pt;\"><span style=\"font-family: arial, helvetica, sans-serif;\">&#8211; N\u00f3s \u00faltimos tr\u00eas anos, apenas uma pequena parcela da humanidade desconfiou de que a espada de dam\u00f4cles\u00a0 estava pronta para ceifar as cabe\u00e7as dos incautos e da pr\u00f3pria\u00a0 democracia, ou do que resta ainda dela com o <\/span><span style=\"font-family: arial, helvetica, sans-serif;\">surgimento de v\u00edrus manipulados geneticamente, cessa\u00e7\u00e3o de direitos, <em>lookdowns,<\/em> a dissemina\u00e7\u00e3o do medo e da salva\u00e7\u00e3o, em tempo recorde, por meio de um l\u00edquido injetado nos incautos hipnotizados coletivamente pelo sistema. A caixa de Pandora come\u00e7a a ser aberta, infelizmente poucos est\u00e3o se alertando do que verdadeiramente est\u00e1\u00a0 sendo orquestrado pelos &#8220;Donos do Mundo&#8221;.<\/span><\/span><\/p>\n<p style=\"text-align: justify;\"><span style=\"font-family: arial, helvetica, sans-serif; font-size: 14pt;\">&#8211; Quem s\u00e3o os &#8220;Donos do Mundo? Quem s\u00e3o esses cl\u00e3s? Para descobrir quem s\u00e3o eles ter\u00edamos que analisar , pesquisar e fundamentar no m\u00ednimo os \u00faltimos\u00a0 150 anos dos que iriam formar os cl\u00e3s, que hoje dominam, manipulam e condicionam milh\u00f5es de seres humanos, atrav\u00e9s de uma perfeita hipnose coletiva e de outras ferramentas de persuas\u00e3o coletiva.\u00a0 \u00c9 um trabalho exaustivo que ir\u00e1 levar, para o pesquisador, meses e meses\u00a0 para que possa chegar a uma conclus\u00e3o.<\/span><\/p>\n<p style=\"text-align: justify;\"><span style=\"font-family: arial, helvetica, sans-serif; font-size: 14pt;\">&#8211; Entre esses cl\u00e3s temos no livro Os Magnatas, uma pequena parcela da\u00a0 ascens\u00e3o de J.P Morgan,\u00a0 John D. Rockfeller, Jay Gould e Andrew Carnegie. Conhecidos na \u00e9poca tamb\u00e9m como os <strong>bar\u00f5es ladr\u00f5es pelo povo americano<\/strong>. Na Europa, o dom\u00ednio ficou com o cl\u00e3\u00a0 Rothschild. \u00c9 bom que fique claro que alguns deles tinham um envolvimento com o comunismo e com o nazismo, em determinado momentos da hist\u00f3ria. Hoje, esse grupo tem o acr\u00e9scimo de novos e poderosos\u00a0 &#8220;Senhores do Mundo&#8221;, como, por exemplo, Bil Gates, descendente de uma fam\u00edlia que militava na ideologia eugenista. Curiosamente Bil Gates passou a fabricar vacinas, pois o fil\u00e3o \u00e9 bilion\u00e1rio. \u00c9 um grande influenciador e apoiador da OMS. Bonzinho? Tudo apenas coincid\u00eancia?<\/span><\/p>\n<p style=\"text-align: justify;\"><span style=\"font-family: arial, helvetica, sans-serif; font-size: 14pt;\">&#8211; Para se ter uma ideia do poder desses\u00a0 cl\u00e3s indico um document\u00e1rio bem elucidativo que demonstra\u00a0 como o poder deles est\u00e1 entranhado na Civiliza\u00e7\u00e3o Ocidental Crist\u00e3: <strong>MONOPOLY &#8211; A Quem Pertence o Mundo<\/strong>, de autoria do cidad\u00e3o europeu Tim Gielen.\u00a0<\/span><\/p>\n<p style=\"text-align: justify;\"><span style=\"font-family: arial, helvetica, sans-serif; font-size: 14pt;\">&#8211; Outrossim, o escritor Alexandre Costa, deixou um pequeno e elucidativo livro sobre o desenvolvimento dos tent\u00e1culos desses grupos sobre a vida de todos n\u00f3s: <strong>Introdu\u00e7\u00e3o a Nova Ordem\u00a0 Mundial (NOM).<\/strong> Alexandre Costa faz uma perfeita divis\u00e3o da evolu\u00e7\u00e3o desses &#8220;Donos do Mundo&#8221; da seguinte maneira: 1. O Ciclo das Ideias; 2. O ciclo do M\u00e9todo; 3. Ciclo dos Instrumentos, 4. Ciclo da Infiltra\u00e7\u00e3o e 5.\u00a0 Ciclo da Transi\u00e7\u00e3o (momento atual em que estamos vivendo). \u00c9 um livro importante para uma maior compreens\u00e3o inicial. No mesmo sentido, temos aulas do escritor no Brasil Paralelo, o <strong>Desenvolvimento Hist\u00f3rico do Globalismo<\/strong>, em seis aulas sobre esses ciclos. Indico tamb\u00e9m o livro\u00a0 TransEvolu\u00e7\u00e3o\u00a0 e MetaPolitica do escritor Daniel Estulin.<\/span><\/p>\n<p style=\"text-align: justify;\"><span style=\"font-family: arial, helvetica, sans-serif; font-size: 14pt;\">&#8211; No momento atual, um per\u00edodo de transi\u00e7\u00e3o, temos o enfraquecimento das democracias pelo mundo a fora, manipula\u00e7\u00f5es das informa\u00e7\u00f5es, muitas mentiras (uma mentira dita algumas milhares de vezes se torna uma verdade &#8211; Joseph Goebbels &#8211; Min. de Propaganda da Alemanha Nazista)\u00a0 e o condicionamentos das massas, atrav\u00e9s da ferramenta do medo, de frequ\u00eancias (5G e 6G?) e de ferramentas subliminares pelas m\u00eddias televisivas e outras que manipulam inclusive o pr\u00f3prio clima.<\/span><\/p>\n<p style=\"text-align: justify;\"><span style=\"font-family: arial, helvetica, sans-serif; font-size: 14pt;\">&#8211; Por esse tortuoso caminho, j\u00e1 temos um\u00a0 v\u00edrus suspeito, com ind\u00edcios de manipula\u00e7\u00f5es gen\u00e9ticas propositais, temos as vacinas, as quais n\u00e3o passam de experimento g\u00eanico nas massas e tudo em tempo recorde, o que torna essas &#8220;vacinas&#8221; mais suspeitas ainda. <\/span><\/p>\n<p style=\"text-align: justify;\"><span style=\"font-family: arial, helvetica, sans-serif; font-size: 14pt;\">&#8211; Insta gizar que as consequ\u00eancias disso tudo est\u00e3o sendo escondidas pelas m\u00eddias a servi\u00e7o desses cl\u00e3s, por\u00e9m, mesmo assim, a verdade vai aparecendo. Para eles,\u00a0 Senhores do Mundo, nessas alturas dos acontecimentos, tanto faz, pois o objetivo j\u00e1 foi alcan\u00e7ado\u00a0 e bilh\u00f5es foram &#8220;vacinados&#8221; com uma solu\u00e7\u00e3o suspeita, al\u00e9m da fabulosa fortuna arrecadada com a venda desses produtos m\u00e1gicos.<\/span><\/p>\n<p style=\"text-align: justify;\"><span style=\"font-family: arial, helvetica, sans-serif; font-size: 14pt;\">&#8211; O interessante \u00e9 que ao fazer uma analise por meio do nexo causual, atrav\u00e9s de documentos vazados, de ind\u00edcios criminosos, fatos, imagens, grava\u00e7\u00f5es e pesquisas cientificas feitas por milhares de m\u00e9dicos e cientistas, que n\u00e3o comungam com os mesmos ideais desses grupos, deixam bem transparente os reais interesses desses cl\u00e3s por detr\u00e1s de tudo isto: o surgimento de uma nova ordem econ\u00f4mica e social\u00a0 e um genoc\u00eddio programado para &#8220;despopulacionar&#8221; o planeta, o que j\u00e1 est\u00e1 ocorrendo (Agenda 2030?) atrav\u00e9s de l\u00edquidos &#8220;m\u00e1gicos&#8221; injet\u00e1veis at\u00e9 mesmo em crian\u00e7as e beb\u00eas, al\u00e9m disso ainda usam a velha arma de guerra milenar, ou seja a fome e outras ferramentas tecnol\u00f3gicas essenciais para completar esse quadro em dire\u00e7\u00e3o a uma uma Nova Civiliza\u00e7\u00e3o Ocidental, o Admir\u00e1vel Mundo Novo. Por coincid\u00eancia muitas coisas que est\u00e3o ocorrendo agora j\u00e1 foram narradas pelo escritor Aldo Huxel,\u00a0 em seu romance <strong>Admir\u00e1vel Mundo Novo e Retorno ao Admir\u00e1vel Mundo Novo<\/strong>, ambos escritos em meados do anos 30, do s\u00e9culo passado.\u00a0 Outro escritor, em 1945, j\u00e1 alertava no que estava por vir, em seu romance\u00a0 <strong><em>1984 -Nineteen Eightv-Four<\/em><\/strong> e <em><strong>Animal Farm.\u00a0 <\/strong><\/em>Apenas coincid\u00eancia? Ser\u00e1?\u00a0<\/span><\/p>\n<p style=\"text-align: justify;\"><span style=\"font-family: arial, helvetica, sans-serif; font-size: 14pt;\">\u00a0&#8211; Destarte, para esses cl\u00e3s, o melhor n\u00e3o \u00e9 mais as democracias perfeitas e sim governos totalit\u00e1rios, preferencialmente um governo totalit\u00e1rio mundial sob o comando deles obviamente, semelhante ao que ocorre na China e na\u00a0 Correia do Norte.\u00a0 A surpresa, ou nem tanto,\u00a0 \u00e9 que alguns\u00a0 pa\u00edses ditos democratas j\u00e1 est\u00e3o dando ind\u00edcios graves desse totalitarismo, como o Canad\u00e1, a Austr\u00e1lia,\u00a0 o Brasil, entre outros. \u00c9 s\u00f3 o come\u00e7o. N\u00e3o \u00e9 a toa que alguns desses &#8220;Donos do Mundo&#8221; financiam guerras, terrorismo e movimentos de esquerda e assemelhados, todos usando o sufixo &#8220;i$mo&#8221; (comuni$mo, fasci$mo. nazi$mo, cientifici$mo, capitali$mo, vacini$mo, religio$i$mo, bandidolatri$mo,, escravagi$mo etc.). Vejam o caso da Ucr\u00e2nia e agora de Israel. Esses conflitos escondem uma gigantesca caixa de Pandora, que aos poucos vai sendo aberta. <\/span><\/p>\n<p style=\"text-align: justify;\"><span style=\"font-family: arial, helvetica, sans-serif; font-size: 14pt;\">&#8211; Nesse sentido, \u00e9 interessante procurar ler o livro <strong>Vacunas, Mentiras y Publicidad: las reales de las vacunas, las contradicciones de las autoridades sanitarias y los grandes\u00a0 secretos de la industria farmaceuticas<\/strong><\/span><span style=\"font-family: arial, helvetica, sans-serif; font-size: 14pt;\">, da escritora Sylvie Simon, <strong>El Libro Negro de Las Vacunas<\/strong>, da escritora Inmaculada Fern\u00e1ndez\u00a0 \u00a0Diaz\u00a0 e <strong>Los Due\u00f1os del Planeta<\/strong>, da escritora Cristina Jim\u00e9nez.<\/span><\/p>\n<p style=\"text-align: justify;\"><span style=\"font-family: arial, helvetica, sans-serif;\"><span style=\"font-size: 14pt;\">&#8211; \u00c9 importante aduzir que nesse caminho, a PFizer pediu judicialmente que os documentos <\/span><\/span><span style=\"font-size: 18.6667px;\">envolvendo<\/span><span style=\"font-family: arial, helvetica, sans-serif;\"><span style=\"font-size: 14pt;\"> esse experimento g\u00eanico para Covid 19 fossem divulgados daqui a 75 anos, quando todos n\u00f3s j\u00e1 <\/span><\/span><span style=\"font-size: 18.6667px;\">estar\u00edamos<\/span><span style=\"font-family: arial, helvetica, sans-serif;\"><span style=\"font-size: 14pt;\"> mortos. A Justi\u00e7a <\/span><\/span><span style=\"font-size: 18.6667px;\">americana<\/span><span style=\"font-family: arial, helvetica, sans-serif;\"><span style=\"font-size: 14pt;\"> negou e os documentos foram divulgados. O livro com esses documentos est\u00e1 a disposi\u00e7\u00e3o no Amazon.com.br: <a href=\"https:\/\/www.amazon.com.br\/DailyClout-Documents-Analysis-Volunteers-Reports-ebook\/dp\/B0BSK6LV5D\/ref=sr_1_1?__mk_pt_BR=%C3%85M%C3%85%C5%BD%C3%95%C3%91&amp;keywords=pfizer+documents&amp;qid=1701439098&amp;sr=8-1\"><strong>PFizer &#8211; Documents Analysis Reports.<\/strong><\/a><\/span><\/span><\/p>\n<p style=\"text-align: justify;\"><span style=\"font-family: arial, helvetica, sans-serif; font-size: 14pt;\">&#8211; Outrossim, como sobreviver nesse novo e perigoso mundo? Esse novo mundo \u00e9 irrevers\u00edvel e vai acontecer da pior maneira poss\u00edvel, com guerras articuladas, doen\u00e7as programadas com a utiliza\u00e7\u00e3o de frequ\u00eancias, ( Veja o livro <strong>Cellular Telephone Russian Rolette<\/strong>, do escritor Robert Kane), com a velha arma da fome, com muita manipula\u00e7\u00e3o e condicionamentos, com muito grafeno injetado e entrando pela boca, com frequ\u00eancias (tecnologia 5G e 6G) Zumbis programados? Ser\u00e1?. O que resta \u00e9 adquirir muito conhecimento, n\u00e3o se deixar\u00a0 ser manipulado e condicionado pelos programas direcionados para as massas ignaras, ter conhecimento e sabedoria para limpar o seu corpo da sujeira inoculada, defender-se das frequ\u00eancias (h\u00e1 ferramentas simples para isso), procurar apoio de m\u00e9dicos e cientistas,\u00a0 como aqueles do Primeiro e Segundo Congresso Mundial de M\u00e9dicos Pela Vida, que ocorreram no Brasil recentemente. <\/span><\/p>\n<p style=\"text-align: justify;\"><span style=\"font-family: arial, helvetica, sans-serif; font-size: 14pt;\">&#8211; Enfim, somente assim poderemos navegar por esses mares repletos de armadilhas\u00a0 e defendermos a n\u00f3s e as nossas fam\u00edlias, na medida do poss\u00edvel, desses, &#8220;Donos do Mundo&#8221;, onde alguns j\u00e1 se acham deuses e outros j\u00e1 tem a certeza disso . Assim eles pretendem ter o direito de decidir quem merece viver no Admir\u00e1vel Mundo Novo, diga-se de passagem, totalmente programado pela Quarta revolu\u00e7\u00e3o Tecnol\u00f3gica, na qual n\u00e3o h\u00e1 lugar para a grande maioria e sim para uma minoria escravizada, a qual vai achar que \u00e9 feliz por n\u00e3o terem nada. S\u00f3 falta a SOMA huxeliana ou algo semelhante para os escravos se deliciarem. e terem bons sonhos. Procurem assistir o <strong>Imp\u00e9rio da dor<\/strong> , o comprimido m\u00e1gico <em><strong>OxyContin<\/strong><\/em> (SOMA?) Parecido?)\u00a0 e reflita sobre o que aconteceu e est\u00e1 acontecendo nos EUA e por tabela, assistam\u00a0 o filme <strong>Som da Liberdade <\/strong>(na realidade apenas uma pontinha do <em>iceberg, <\/em>tem muito mais)<strong>, <\/strong>realidade que muitos desses senhores n\u00e3o queriam que os cidad\u00e3os do planeta soubessem o que est\u00e3o fazendo com as criancinhas.\u00a0 Tenham coragem, busquem informa\u00e7\u00f5es, fundamentos n\u00e3o manipulados por\u00a0 especialistas que est\u00e3o a servi\u00e7o deles e saiam da bolha.\u00a0<\/span><\/p>\n<p style=\"text-align: justify;\"><span style=\"font-family: arial, helvetica, sans-serif; font-size: 14pt;\">&#8211; Vamos que vamos e a vida que segue!<\/span><\/p>\n<p><strong>Em tempo: O c\u00edrculo se fecha, procurem assistir pela Assembleia Legislativa do Paran\u00e1 a Audi\u00eancia P\u00fablica &#8211; Vacina Covid 19 PNI do dia 22-11-23, com a participa\u00e7\u00e3o de v\u00e1rios m\u00e9dicos e cientistas internacionais, como o Dr. Robert Malone: Ainda est\u00e1 no YouTube: <a href=\"https:\/\/www.youtube.com\/watch?v=mrw5uMrQ_gE&amp;t=1014s\">(733) Audi\u00eancia P\u00fablica \u201cObrigatoriedade de Vacina contra Covid em Crian\u00e7as de 6 meses a 5 anos de Idade\u201d &#8211; YouTube<\/a><\/strong><\/p>\n","protected":false},"excerpt":{"rendered":"<p>&#8211; N\u00f3s \u00faltimos tr\u00eas anos, apenas uma pequena parcela da humanidade desconfiou de que a espada de dam\u00f4cles\u00a0 estava pronta para ceifar as cabe\u00e7as dos incautos e da pr\u00f3pria\u00a0 democracia, ou do que resta ainda dela com o surgimento de &hellip; <a href=\"https:\/\/vincit3.com.br\/index.php\/2023\/12\/01\/o-conhecimento-da-verdade-pode-ser-uma-chave-para-a-sobrevivencia-em-tempos-de-totalitarismo\/\">Continue lendo <span class=\"meta-nav\">&rarr;<\/span><\/a><\/p>\n","protected":false},"author":1,"featured_media":0,"comment_status":"open","ping_status":"open","sticky":false,"template":"","format":"standard","meta":{"footnotes":""},"categories":[1],"tags":[1103,1095,1101,1106,1096,1067,1102,1104,1098,1100,1072,1105,1107,1099,1086,1097],"class_list":["post-658","post","type-post","status-publish","format-standard","hentry","category-uncategorized","tag-5g","tag-dor","tag-estulin","tag-goebbels","tag-guerras","tag-huxel","tag-imperio-da-dor","tag-jimenez","tag-medo","tag-nom","tag-orwell","tag-oxycontin","tag-robert-malone","tag-transicao","tag-virus","tag-zumbis"],"_links":{"self":[{"href":"https:\/\/vincit3.com.br\/index.php\/wp-json\/wp\/v2\/posts\/658","targetHints":{"allow":["GET"]}}],"collection":[{"href":"https:\/\/vincit3.com.br\/index.php\/wp-json\/wp\/v2\/posts"}],"about":[{"href":"https:\/\/vincit3.com.br\/index.php\/wp-json\/wp\/v2\/types\/post"}],"author":[{"embeddable":true,"href":"https:\/\/vincit3.com.br\/index.php\/wp-json\/wp\/v2\/users\/1"}],"replies":[{"embeddable":true,"href":"https:\/\/vincit3.com.br\/index.php\/wp-json\/wp\/v2\/comments?post=658"}],"version-history":[{"count":9,"href":"https:\/\/vincit3.com.br\/index.php\/wp-json\/wp\/v2\/posts\/658\/revisions"}],"predecessor-version":[{"id":672,"href":"https:\/\/vincit3.com.br\/index.php\/wp-json\/wp\/v2\/posts\/658\/revisions\/672"}],"wp:attachment":[{"href":"https:\/\/vincit3.com.br\/index.php\/wp-json\/wp\/v2\/media?parent=658"}],"wp:term":[{"taxonomy":"category","embeddable":true,"href":"https:\/\/vincit3.com.br\/index.php\/wp-json\/wp\/v2\/categories?post=658"},{"taxonomy":"post_tag","embeddable":true,"href":"https:\/\/vincit3.com.br\/index.php\/wp-json\/wp\/v2\/tags?post=658"}],"curies":[{"name":"wp","href":"https:\/\/api.w.org\/{rel}","templated":true}]}}