{"id":278,"date":"2007-02-20T19:42:00","date_gmt":"2007-02-20T19:42:00","guid":{"rendered":"https:\/\/vincit3.com.br\/index.php\/2007\/02\/20\/o-sacrificio-do-menino-joao-ate-quando\/"},"modified":"2007-02-20T19:42:00","modified_gmt":"2007-02-20T19:42:00","slug":"o-sacrificio-do-menino-joao-ate-quando","status":"publish","type":"post","link":"https:\/\/vincit3.com.br\/index.php\/2007\/02\/20\/o-sacrificio-do-menino-joao-ate-quando\/","title":{"rendered":"O SACRIF\u00cdCIO DO MENINO JO\u00c3O &#8211; AT\u00c9 QUANDO?"},"content":{"rendered":"<p><a href=\"http:\/\/1.bp.blogspot.com\/_frm2-hRsbTg\/RdtgToPJyeI\/AAAAAAAAAAk\/ow-0z04Knzg\/s1600-h\/Paz+II.gif\"><img decoding=\"async\" id=\"BLOGGER_PHOTO_ID_5033722898851416546\" style=\"FLOAT: left; MARGIN: 0px 10px 10px 0px; CURSOR: hand\" alt=\"\" src=\"http:\/\/1.bp.blogspot.com\/_frm2-hRsbTg\/RdtgToPJyeI\/AAAAAAAAAAk\/ow-0z04Knzg\/s320\/Paz+II.gif\" border=\"0\" \/><\/a><\/p>\n<div>Manaus, AM, 20 de fevereiro de 2007.<\/p>\n<div align=\"justify\">BOA TARDE!<\/p>\n<p>&#8211; N\u00e3o poderia de deixar de escrever algo, pois a indigna\u00e7\u00e3o falou mais alto.<br \/>&#8211; A minha desilus\u00e3o com o Estado de Direito (Baderna?) a que estamos imersos aflorou ainda mais quando tomei conhecimento da morte do menino Jo\u00e3o Vieites de apenas 6 anos, de maneira t\u00e3o ign\u00f3bil e por conseguinte o descaso que o Estado faz a d\u00e9cadas, atrav\u00e9s dos seus representantes eleitos pelo povo com discursos eloq\u00fcentes que a maioria jamais colocar\u00e1 em pr\u00e1tica, pois muitos n\u00e3o passam de pessoas vazias e ego\u00edstas que ir\u00e3o na primeira oportunidade dilapidar o er\u00e1rio p\u00fablico.<br \/>&#8211; Por isso n\u00e3o devemos nos preocupar muito com a leis j\u00e1 existentes e sim pressionar para que sejam aprimoradas, mas devemos estar alertas com aquelas que ir\u00e3o surgir, principalmente com as pessoas que as est\u00e3o redigindo.<br \/>&#8211; Agora \u00e9 necess\u00e1rio a movimenta\u00e7\u00e3o da sociedade, pressionando de maneira contundente os governantes, para por fim em m\u00e9dio prazo a barb\u00e1rie de uma guerra civil n\u00e3o declarada no Estado Rio do Janeiro que aos poucos se espalha por outros Estados. Uma das solu\u00e7\u00f5es seria atrav\u00e9s de uma educa\u00e7\u00e3o p\u00fablica em tempo integral com alta qualidade nos tr\u00eas n\u00edveis, com muita \u00e9tica, disciplina, boas perspectiva de futuro para os jovens e toler\u00e2ncia zero para com os criminosos independente de classe social. \u00c9 premente tamb\u00e9m a revis\u00e3o das leis penais e a institui\u00e7\u00e3o de outras (pris\u00e3o perp\u00e9tua?), pois esses criminosos, de apar\u00eancia humana, independente da classe social a que perten\u00e7am, em pouco tempo estar\u00e3o soltos pelas ruas das cidades assaltando, matando, estrupando e muitas vezes protegidos por leis injustas por\u00e9m legais criadas por um Estado an\u00eamico e complacente com criminosos como se bem v\u00ea pela m\u00eddia.<br \/>&#8211; Me solidarizo com mais essa fam\u00edlia, cujo filho de seis anos foi ceifado de maneira t\u00e3o brutal e infelizmente, de uma certa maneira, com o apoio do pr\u00f3prio Estado que teria que lhe ter dado toda a seguran\u00e7a poss\u00edvel, pois somos o povo do planeta que mais paga impostos. Perdemos um futuro bom cidad\u00e3o e os seus assassinos continuar\u00e3o irrecuper\u00e1veis e dando continuidade a sua trajet\u00f3ria predat\u00f3ria junto a sociedade desamparada. At\u00e9 quando teremos que ag\u00fcentar esse estado de caos? Nesta trag\u00e9dia infame onde est\u00e3o os direitos humanos para a fam\u00edlia do menino Jo\u00e3o? Os direitos humanos deveriam de se preocupar n\u00e3o apenas com os socialmente dejajustados (criminosos), mas principalmente com as vit\u00edmas que ir\u00e3o levar sequelas para o resto de suas vidas.<\/div>\n<p><\/p>\n<div align=\"justify\">(Revista Veja, &#8220;Sem limites para a barb\u00e1rie&#8221; 14\/02\/2007) <\/div>\n<\/div>\n","protected":false},"excerpt":{"rendered":"<p>Manaus, AM, 20 de fevereiro de 2007. BOA TARDE! &#8211; N\u00e3o poderia de deixar de escrever algo, pois a indigna\u00e7\u00e3o falou mais alto.&#8211; A minha desilus\u00e3o com o Estado de Direito (Baderna?) a que estamos imersos aflorou ainda mais quando &hellip; <a href=\"https:\/\/vincit3.com.br\/index.php\/2007\/02\/20\/o-sacrificio-do-menino-joao-ate-quando\/\">Continue lendo <span class=\"meta-nav\">&rarr;<\/span><\/a><\/p>\n","protected":false},"author":1,"featured_media":0,"comment_status":"open","ping_status":"open","sticky":false,"template":"","format":"standard","meta":{"footnotes":""},"categories":[1037],"tags":[],"class_list":["post-278","post","type-post","status-publish","format-standard","hentry","category-menino-joao"],"_links":{"self":[{"href":"https:\/\/vincit3.com.br\/index.php\/wp-json\/wp\/v2\/posts\/278","targetHints":{"allow":["GET"]}}],"collection":[{"href":"https:\/\/vincit3.com.br\/index.php\/wp-json\/wp\/v2\/posts"}],"about":[{"href":"https:\/\/vincit3.com.br\/index.php\/wp-json\/wp\/v2\/types\/post"}],"author":[{"embeddable":true,"href":"https:\/\/vincit3.com.br\/index.php\/wp-json\/wp\/v2\/users\/1"}],"replies":[{"embeddable":true,"href":"https:\/\/vincit3.com.br\/index.php\/wp-json\/wp\/v2\/comments?post=278"}],"version-history":[{"count":0,"href":"https:\/\/vincit3.com.br\/index.php\/wp-json\/wp\/v2\/posts\/278\/revisions"}],"wp:attachment":[{"href":"https:\/\/vincit3.com.br\/index.php\/wp-json\/wp\/v2\/media?parent=278"}],"wp:term":[{"taxonomy":"category","embeddable":true,"href":"https:\/\/vincit3.com.br\/index.php\/wp-json\/wp\/v2\/categories?post=278"},{"taxonomy":"post_tag","embeddable":true,"href":"https:\/\/vincit3.com.br\/index.php\/wp-json\/wp\/v2\/tags?post=278"}],"curies":[{"name":"wp","href":"https:\/\/api.w.org\/{rel}","templated":true}]}}