{"id":277,"date":"2007-02-21T15:10:00","date_gmt":"2007-02-21T15:10:00","guid":{"rendered":"https:\/\/vincit3.com.br\/index.php\/2007\/02\/21\/qual-e-o-teu-grau-interior\/"},"modified":"2007-02-21T15:10:00","modified_gmt":"2007-02-21T15:10:00","slug":"qual-e-o-teu-grau-interior","status":"publish","type":"post","link":"https:\/\/vincit3.com.br\/index.php\/2007\/02\/21\/qual-e-o-teu-grau-interior\/","title":{"rendered":"QUAL \u00c9 O TEU GRAU INTERIOR?"},"content":{"rendered":"<div align=\"justify\"><a href=\"http:\/\/1.bp.blogspot.com\/_frm2-hRsbTg\/Rdxr1YPJyfI\/AAAAAAAAAAw\/DfQ9XlzvNeI\/s1600-h\/zloto1.jpg\"><img decoding=\"async\" id=\"BLOGGER_PHOTO_ID_5034017048276617714\" style=\"FLOAT: left; MARGIN: 0px 10px 10px 0px; CURSOR: hand\" alt=\"\" src=\"http:\/\/1.bp.blogspot.com\/_frm2-hRsbTg\/Rdxr1YPJyfI\/AAAAAAAAAAw\/DfQ9XlzvNeI\/s320\/zloto1.jpg\" border=\"0\" \/><\/a> <strong>&#8211; Ganhei esta mensagem de um nobre amigo l\u00e1 pelos anos 70 e apesar do tempo ainda me acompanha, pois a sua ess\u00eancia n\u00e3o envelhece jamais. Mostra um pouco do interior das pessoas. E por mais que tentem esconder o seu lado interior ele acaba sendo revelado. O pensamento molda o interior das pessoas. Todo o cuidado \u00e9 pouco, pois ele gera consequ\u00eancias.<br \/><\/strong><\/div>\n<p><span style=\"font-family:arial;font-size:130%;color:#993399;\"><strong><\/strong><\/span><span style=\"font-family:arial;font-size:130%;color:#993399;\"><strong><\/p>\n<div align=\"center\"><\/div>\n<div align=\"center\"><\/div>\n<div align=\"center\"><\/div>\n<div align=\"center\">O Teu Grau Real Interior<\/p>\n<p>Suas decis\u00f5es, nas horas graves, identificam a posi\u00e7\u00e3o real do grau espiritual que voc\u00ea possui.<\/p>\n<p>Seus gestos, na luta comum falam do seu clima interior.<\/p>\n<p>Seus impulsos definem a zona mental em que voc\u00ea prefere movimentar-se.<\/p>\n<p>Seus pensamentos revelam as suas companhias espirituais.<\/p>\n<p>Suas leituras definem os seus sentimentos.<\/p>\n<p>Seu trato pessoal para com os seres da natureza esclarece at\u00e9 que ponto voc\u00ea tem progredido.<\/p>\n<p>Suas opini\u00f5es revelam o verdadeiro lugar que voc\u00ea ocupa no mundo<\/p>\n<p>(Autor an\u00f4nimo)<\/p><\/div>\n<div align=\"center\">&#8212;&#8212;&#8212;&#8212;&#8212;&#8212;&#8212;&#8212;&#8212;&#8212;&#8212;&#8212;&#8212;&#8212;&#8212;&#8212;&#8212;&#8212;&#8212;&#8212;<\/div>\n<div align=\"center\"><\/div>\n<div align=\"justify\"><\/strong><\/span><strong><span style=\"font-family:Arial;font-size:85%;color:#993399;\">* A flor colocada acima \u00e9 o l\u00f3tus nasce e sobrevive no meio do loda\u00e7al f\u00e9tido dos p\u00e2ntanos. <\/span><\/strong><strong><span style=\"font-family:Arial;font-size:85%;color:#993399;\">Deveriamos de ser como a flor de l\u00f3tus, que nasce e sobrevive no meio do loda\u00e7al f\u00e9tido dos p\u00e2ntanos e nem por isso \u00e9 conspurcada, mantendo a sua pureza e as suas virtudes inc\u00f3lumes. (Vilsemar)<\/span><\/strong><\/div>\n","protected":false},"excerpt":{"rendered":"<p>&#8211; Ganhei esta mensagem de um nobre amigo l\u00e1 pelos anos 70 e apesar do tempo ainda me acompanha, pois a sua ess\u00eancia n\u00e3o envelhece jamais. Mostra um pouco do interior das pessoas. E por mais que tentem esconder o &hellip; <a href=\"https:\/\/vincit3.com.br\/index.php\/2007\/02\/21\/qual-e-o-teu-grau-interior\/\">Continue lendo <span class=\"meta-nav\">&rarr;<\/span><\/a><\/p>\n","protected":false},"author":1,"featured_media":0,"comment_status":"open","ping_status":"open","sticky":false,"template":"","format":"standard","meta":{"footnotes":""},"categories":[1036],"tags":[],"class_list":["post-277","post","type-post","status-publish","format-standard","hentry","category-teu-grau-interior"],"_links":{"self":[{"href":"https:\/\/vincit3.com.br\/index.php\/wp-json\/wp\/v2\/posts\/277","targetHints":{"allow":["GET"]}}],"collection":[{"href":"https:\/\/vincit3.com.br\/index.php\/wp-json\/wp\/v2\/posts"}],"about":[{"href":"https:\/\/vincit3.com.br\/index.php\/wp-json\/wp\/v2\/types\/post"}],"author":[{"embeddable":true,"href":"https:\/\/vincit3.com.br\/index.php\/wp-json\/wp\/v2\/users\/1"}],"replies":[{"embeddable":true,"href":"https:\/\/vincit3.com.br\/index.php\/wp-json\/wp\/v2\/comments?post=277"}],"version-history":[{"count":0,"href":"https:\/\/vincit3.com.br\/index.php\/wp-json\/wp\/v2\/posts\/277\/revisions"}],"wp:attachment":[{"href":"https:\/\/vincit3.com.br\/index.php\/wp-json\/wp\/v2\/media?parent=277"}],"wp:term":[{"taxonomy":"category","embeddable":true,"href":"https:\/\/vincit3.com.br\/index.php\/wp-json\/wp\/v2\/categories?post=277"},{"taxonomy":"post_tag","embeddable":true,"href":"https:\/\/vincit3.com.br\/index.php\/wp-json\/wp\/v2\/tags?post=277"}],"curies":[{"name":"wp","href":"https:\/\/api.w.org\/{rel}","templated":true}]}}