{"id":256,"date":"2007-08-26T14:42:00","date_gmt":"2007-08-26T14:42:00","guid":{"rendered":"https:\/\/vincit3.com.br\/index.php\/2007\/08\/26\/um-pouco-de-rubens-alves\/"},"modified":"2007-08-26T14:42:00","modified_gmt":"2007-08-26T14:42:00","slug":"um-pouco-de-rubens-alves","status":"publish","type":"post","link":"https:\/\/vincit3.com.br\/index.php\/2007\/08\/26\/um-pouco-de-rubens-alves\/","title":{"rendered":"UM POUCO DE RUBENS ALVES"},"content":{"rendered":"<p style=\"text-align: justify; line-height: 150%;\"><span style=\"font-size: 14pt; line-height: 150%; color: black;\">&#8211; Rubens Alves \u00e9 para mim <span style=\"color: black;\">um educador, escritor e um poeta por excel\u00eancia. Utiliza as palavras com uma grande perfei\u00e7\u00e3o, deixando transmitir a ess\u00eancia da verdade de maneira singela, sem pressa, com muita tranq\u00fcilidade, em meio ao caos da sociedade de consumo globalizada, centrada apenas nas sensa\u00e7\u00f5es materiais e no imediatismo.<\/span><br \/>&#8211; Neste torvelinho quase hier\u00e1tico pelas novas gera\u00e7\u00f5es muitos perguntam: Ainda d\u00e1 para acreditar em Deus?<\/span><br \/><span style=\"font-size: 14pt; line-height: 150%; color: black;\">&#8211; Fizeram a Rubens Alves uma pergunta parecida. Vejam a resposta do grande s\u00e1bio:<\/span><span style=\"color: black;\"><\/span><\/p>\n<p style=\"text-align: justify; line-height: 150%;\">\n<h3><span style=\"font-size: 14pt; line-height: 150%; color: black;\"><a href=\"http:\/\/cronicasbrasil.blogspot.com\/2007\/04\/perguntaram-me-se-acredito-em-deus.html\"><span style=\"color: black;\">PERGUNTARAM-ME SE ACREDITO EM DEUS\u2026 <\/span><\/a><\/span><\/h3>\n<p style=\"text-align: justify; line-height: 150%;\"><span style=\"font-size: 14pt; line-height: 150%; color: black;\">Aconteceu ao final de um debate sobre educa\u00e7\u00e3o promovido pela Folha. Chegada \u00e1 hora das perguntas uma senhora me perguntou algo que nada tinha a ver com educa\u00e7\u00e3o. Perguntou porque lhe do\u00eda: \u201cO senhor acredita em Deus?\u201d Houve tempo em que era mais f\u00e1cil acreditar em Deus. Hoje at\u00e9 o Papa se atrapalha. Na sua visita ao campo de concentra\u00e7\u00e3o de Treblinka perguntou o que n\u00e3o deveria ter perguntado: \u201cOnde estava Deus quando esse horror aconteceu?\u201d Heresia porque a pergunta silenciosamente afirma que Deus n\u00e3o estava l\u00e1. Se estivesse n\u00e3o teria deixado aquele horror acontecer. Pois Deus n\u00e3o \u00e9 amor e todo poderoso? Se estava l\u00e1 e deixou acontecer ou ele n\u00e3o \u00e9 amor ou n\u00e3o \u00e9 todo poderoso. Por outro lado, se ele n\u00e3o estava l\u00e1 ele n\u00e3o \u00e9 onipresente\u2026<\/span><\/p>\n<p style=\"text-align: justify; line-height: 150%;\"><span style=\"font-size: 14pt; line-height: 150%; color: black;\">Depois do atentado terrorista ao World Trade Center o \u201cNew York Times\u201d publicou um artigo com essa mesma pergunta: Onde estava Deus? Se estava l\u00e1, por que deixou acontecer?<\/span><\/p>\n<p style=\"text-align: justify; line-height: 150%;\"><span style=\"font-size: 14pt; line-height: 150%; color: black;\">Dietrich Bonhoffer, pastor protestante que foi enforcado por haver participado de um frustrado atentado para assassinar Hitler -\u00e0s vezes n\u00e3o h\u00e1 como fugir: ou matar um \u00fanico, para que muitos n\u00e3o sejam mortos, ou, para preservar a pureza pessoal, n\u00e3o matar esse \u00fanico e deixar que milhares sejam mortos; a inoc\u00eancia pode ser mais criminosa que o crime\u2026, lutou com essa pergunta: \u201cOnde est\u00e1 Deus?\u201d Sua resposta foi simples: \u201cDeus est\u00e1 aqui, mas ele \u00e9 fraco\u2026\u201d<br \/>Se Deus existe e \u00e9 forte, como perdo\u00e1-lo por permitir que aconte\u00e7a o horror de sofrimento que n\u00e3o deveria acontecer? Mas se Deus \u00e9 fraco ou n\u00e3o existe, ent\u00e3o seria poss\u00edvel perdo\u00e1-lo e am\u00e1-lo. A\u00ed chorar\u00edamos e dir\u00edamos: \u201cSe Deus existisse e fosse forte isso n\u00e3o aconteceria\u2026\u201d A gente fica, ent\u00e3o, com saudade do Deus que n\u00e3o existe. Mas eu n\u00e3o disse nada disso para aquela senhora. Apenas perguntei de volta, pedindo um esclarecimento: \u201cAcreditar em qual Deus? H\u00e1 tantos\u2026 Homens ferozes e vingativos t\u00eam um Deus feroz e vingativo que mant\u00e9m, para sua pr\u00f3pria alegria, uma c\u00e2mara de torturas chamada Inferno para vingar-se dos seus desafetos. H\u00e1 o Deus jardineiro que criou um Para\u00edso e mora nas \u00e1rvores e nas correntes cristalinas. H\u00e1 o Deus com alma de banqueiro que contabiliza d\u00e9bitos e cr\u00e9ditos\u2026 H\u00e1 o Deus da Cec\u00edlia Meireles que se confunde com o mar\u2026 H\u00e1 o Deus er\u00f3tico que inspira poemas de amor carnal\u2026 H\u00e1 o Deus que se vende por promessas e faz milagres\u2026 E h\u00e1 tamb\u00e9m o Deus crian\u00e7a de Alberto Caeiro e M\u00e1rio Quintana. Qual deles?\u201d<\/span><\/p>\n<p style=\"text-align: justify; line-height: 150%;\"><span style=\"font-size: 14pt; line-height: 150%; color: black;\">Ela ficou em sil\u00eancio, meio perdida. Ent\u00e3o lhe respondi com os versos do Chico: \u201cSaudade \u00e9 o rev\u00e9s do parto. \u00c9 arrumar o quarto para o filho que j\u00e1 morreu\u201d.<\/span><\/p>\n<p style=\"text-align: justify; line-height: 150%;\"><span style=\"font-size: 14pt; line-height: 150%; color: black;\"><span> <\/span>E perguntei: \u201cQual \u00e9 a m\u00e3e que mais ama? A que arruma o quarto para o filho que chegar\u00e1 amanh\u00e3 ou a que arruma o quarto para o filho que nunca chegar\u00e1?\u201d.<\/span><\/p>\n<p style=\"text-align: justify; line-height: 150%;\"><span style=\"font-size: 14pt; line-height: 150%; color: black;\">E acrescentei: \u201cSou um construtor de altares. Construo meus altares \u00e0 beira de um abismo. Eu os construo com poesia e beleza. Os fogos que acendo sobre eles iluminam o meu rosto e aquecem o meu corpo. Mas o abismo continua escuro e silencioso\u2026\u201d<\/span><\/p>\n<p style=\"text-align: justify; line-height: 150%;\"><span style=\"font-size: 14pt; line-height: 150%; color: black;\">A\u00ed, provocado pela pergunta daquela mulher desconhecida escrevi um livrinho cujo t\u00edtulo \u00e9 a pergunta que ela me fez: \u201cPerguntaram-me se acredito em Deus\u201d. \u00c0quela mulher o meu muito obrigado\u2026<\/span><\/p>\n<p> <span style=\"font-size: 14pt; font-family: 'Times New Roman'; color: black;\"><span>                                                  <\/span><\/span><\/p>\n","protected":false},"excerpt":{"rendered":"<p>&#8211; Rubens Alves \u00e9 para mim um educador, escritor e um poeta por excel\u00eancia. Utiliza as palavras com uma grande perfei\u00e7\u00e3o, deixando transmitir a ess\u00eancia da verdade de maneira singela, sem pressa, com muita tranq\u00fcilidade, em meio ao caos da &hellip; <a href=\"https:\/\/vincit3.com.br\/index.php\/2007\/08\/26\/um-pouco-de-rubens-alves\/\">Continue lendo <span class=\"meta-nav\">&rarr;<\/span><\/a><\/p>\n","protected":false},"author":1,"featured_media":0,"comment_status":"open","ping_status":"open","sticky":false,"template":"","format":"standard","meta":{"footnotes":""},"categories":[1006,734,1005,737],"tags":[],"class_list":["post-256","post","type-post","status-publish","format-standard","hentry","category-acredito","category-deus","category-globalizada","category-milagres"],"_links":{"self":[{"href":"https:\/\/vincit3.com.br\/index.php\/wp-json\/wp\/v2\/posts\/256","targetHints":{"allow":["GET"]}}],"collection":[{"href":"https:\/\/vincit3.com.br\/index.php\/wp-json\/wp\/v2\/posts"}],"about":[{"href":"https:\/\/vincit3.com.br\/index.php\/wp-json\/wp\/v2\/types\/post"}],"author":[{"embeddable":true,"href":"https:\/\/vincit3.com.br\/index.php\/wp-json\/wp\/v2\/users\/1"}],"replies":[{"embeddable":true,"href":"https:\/\/vincit3.com.br\/index.php\/wp-json\/wp\/v2\/comments?post=256"}],"version-history":[{"count":0,"href":"https:\/\/vincit3.com.br\/index.php\/wp-json\/wp\/v2\/posts\/256\/revisions"}],"wp:attachment":[{"href":"https:\/\/vincit3.com.br\/index.php\/wp-json\/wp\/v2\/media?parent=256"}],"wp:term":[{"taxonomy":"category","embeddable":true,"href":"https:\/\/vincit3.com.br\/index.php\/wp-json\/wp\/v2\/categories?post=256"},{"taxonomy":"post_tag","embeddable":true,"href":"https:\/\/vincit3.com.br\/index.php\/wp-json\/wp\/v2\/tags?post=256"}],"curies":[{"name":"wp","href":"https:\/\/api.w.org\/{rel}","templated":true}]}}