{"id":238,"date":"2008-04-30T21:16:00","date_gmt":"2008-04-30T21:16:00","guid":{"rendered":"https:\/\/vincit3.com.br\/index.php\/2008\/04\/30\/o-apartheid-na-serra-raposa-do-sol-a-quem-interessa\/"},"modified":"2008-04-30T21:16:00","modified_gmt":"2008-04-30T21:16:00","slug":"o-apartheid-na-serra-raposa-do-sol-a-quem-interessa","status":"publish","type":"post","link":"https:\/\/vincit3.com.br\/index.php\/2008\/04\/30\/o-apartheid-na-serra-raposa-do-sol-a-quem-interessa\/","title":{"rendered":"O APARTHEID NA SERRA RAPOSA DO SOL. A QUEM INTERESSA?"},"content":{"rendered":"<div style=\"text-align: justify;\">\n<div style=\"text-align: center;\"><span style=\"font-weight: bold; color: rgb(255, 0, 0);\">&#8220;N\u00e3o se revoltar\u00e3o enquanto n\u00e3o tiverem consci\u00eancia; n\u00e3o ter\u00e3o consci\u00eancia<br \/>enquanto n\u00e3o se revoltarem&#8221; &#8211;   George Orwell &#8211; &#8220;1984&#8221;<\/span><br \/><span><\/span><\/div>\n<p><span><br \/><\/span><span style=\"font-weight: bold;font-size:130%;\" ><a href=\"http:\/\/alertabrasiltextos.blogspot.com\/\">&#8211; SOBRE A RESERVA DA INSENSATEZ<\/a>, publicada na Edi\u00e7\u00e3o. 2058 da revista Veja, de 30 de abril de 2008.<br \/>&#8211; A reportagem poderia ter se aprofundado bem mais, j\u00e1 que uma s\u00e9rie de coincid\u00eancias e interesses manipulados est\u00e3o a colocar em cheque a soberania do Brasil na Amaz\u00f4nia.<br \/>&#8211; Serra Raposa do Sol \u00e9 a &#8220;bola da vez&#8221;, localizada no (ainda), Estado de Roraima. A reserva \u00e9 uma \u00e1rea riqu\u00edssima em min\u00e9rios nobres para tecnologia de ponta e terras de qualidade superior para agricultura, que por acaso(?), fazem parte da nova reserva ind\u00edgena, homologada pelo governo Lula em \u00e1rea de fronteira. Se pesquisarmos um pouquinho mais veremos que a pr\u00f3pria Constitui\u00e7\u00e3o Federal foi maculada em v\u00e1rios artigos. Uma coisa \u00e9 certa: ou a Rep\u00fablica brasileira acorda para a realidade dos interesses nebulosos de muitas ONGs estrangeiras e organiza\u00e7\u00f5es religiosas duvidosas ou, em pouco tempo, a Rep\u00fablica poder\u00e1 ter surpresas desagrad\u00e1veis com o surgimento de novas na\u00e7\u00f5es.<br \/>&#8211; Na Raposa Serra do Sol a realidade que est\u00e1 a ser oculta da Na\u00e7\u00e3o brasileira \u00e9 \u00edndios contra \u00edndios, brancos miscigenados contra \u00edndios, \u00edndios contra brancos miscigenados, fam\u00edlias separadas pela segrega\u00e7\u00e3o racial, pois uma branca miscigenada casada com um \u00edndio ser\u00e1 expulsa com os seus filhos, se os tiver, da nova reserva. In\u00fameras humilha\u00e7\u00f5es est\u00e3o a ocorrer contra os \u00edndios contr\u00e1rios \u00e0 homologa\u00e7\u00e3o em \u00e1rea cont\u00ednua e contra os brancos miscigenados que ocupavam legalmente pequenos trechos da \u00e1rea em quest\u00e3o a dezenas de anos, algumas propriedades a mais de s\u00e9culo. <a href=\"http:\/\/blogsemmascara.blogspot.com\/2008\/04\/reserva-de-insensatez.html\">Muitos brasileiros miscigenados j\u00e1 foram expurgados<\/a>, alguns receberam uma indeniza\u00e7\u00e3o p\u00edfia, n\u00e3o passam de miser\u00e1veis relegados ao l\u00e9u.<br \/>&#8211; Alguns brancos miscigenados resistem heroicamente, n\u00e3o aceitam o apartheid de segrega\u00e7\u00e3o racial imposto e o confisco de um patrim\u00f4nio conseguido com muito suor e dentro da legalidade das leis brasileiras.<br \/>&#8211; A quem realmente interessa tudo isto?  Por qual raz\u00e3o a m\u00eddia, considerada por alguns como o primeiro poder, n\u00e3o procura romper com o senso comum imposto e passe a mostrar o que realmente esta sendo ocultado, por interesses desprez\u00edveis de maus brasileiros e estrangeiros, nesta quest\u00e3o vital para a soberania nacional.<\/p>\n<p><\/span><span><\/span><\/div>\n","protected":false},"excerpt":{"rendered":"<p>&#8220;N\u00e3o se revoltar\u00e3o enquanto n\u00e3o tiverem consci\u00eancia; n\u00e3o ter\u00e3o consci\u00eanciaenquanto n\u00e3o se revoltarem&#8221; &#8211; George Orwell &#8211; &#8220;1984&#8221; &#8211; SOBRE A RESERVA DA INSENSATEZ, publicada na Edi\u00e7\u00e3o. 2058 da revista Veja, de 30 de abril de 2008.&#8211; A reportagem poderia &hellip; <a href=\"https:\/\/vincit3.com.br\/index.php\/2008\/04\/30\/o-apartheid-na-serra-raposa-do-sol-a-quem-interessa\/\">Continue lendo <span class=\"meta-nav\">&rarr;<\/span><\/a><\/p>\n","protected":false},"author":1,"featured_media":0,"comment_status":"open","ping_status":"open","sticky":false,"template":"","format":"standard","meta":{"footnotes":""},"categories":[933,348,936,934,604,935],"tags":[],"class_list":["post-238","post","type-post","status-publish","format-standard","hentry","category-amazonia","category-midia","category-nacoes","category-reserva","category-serra-raposa-do-sol","category-soberania"],"_links":{"self":[{"href":"https:\/\/vincit3.com.br\/index.php\/wp-json\/wp\/v2\/posts\/238","targetHints":{"allow":["GET"]}}],"collection":[{"href":"https:\/\/vincit3.com.br\/index.php\/wp-json\/wp\/v2\/posts"}],"about":[{"href":"https:\/\/vincit3.com.br\/index.php\/wp-json\/wp\/v2\/types\/post"}],"author":[{"embeddable":true,"href":"https:\/\/vincit3.com.br\/index.php\/wp-json\/wp\/v2\/users\/1"}],"replies":[{"embeddable":true,"href":"https:\/\/vincit3.com.br\/index.php\/wp-json\/wp\/v2\/comments?post=238"}],"version-history":[{"count":0,"href":"https:\/\/vincit3.com.br\/index.php\/wp-json\/wp\/v2\/posts\/238\/revisions"}],"wp:attachment":[{"href":"https:\/\/vincit3.com.br\/index.php\/wp-json\/wp\/v2\/media?parent=238"}],"wp:term":[{"taxonomy":"category","embeddable":true,"href":"https:\/\/vincit3.com.br\/index.php\/wp-json\/wp\/v2\/categories?post=238"},{"taxonomy":"post_tag","embeddable":true,"href":"https:\/\/vincit3.com.br\/index.php\/wp-json\/wp\/v2\/tags?post=238"}],"curies":[{"name":"wp","href":"https:\/\/api.w.org\/{rel}","templated":true}]}}