{"id":225,"date":"2008-11-04T17:13:00","date_gmt":"2008-11-04T17:13:00","guid":{"rendered":"https:\/\/vincit3.com.br\/index.php\/2008\/11\/04\/sociedade-criminogena-ii\/"},"modified":"2008-11-04T17:13:00","modified_gmt":"2008-11-04T17:13:00","slug":"sociedade-criminogena-ii","status":"publish","type":"post","link":"https:\/\/vincit3.com.br\/index.php\/2008\/11\/04\/sociedade-criminogena-ii\/","title":{"rendered":"SOCIEDADE CRIMIN\u00d3GENA II"},"content":{"rendered":"<div dir=\"ltr\" style=\"text-align: left;\">\n<div>\n<div>\n<div style=\"line-height: normal; margin: 0cm 0cm 0.0001pt 4cm; text-align: justify;\">\n<div style=\"color: #274e13; font-weight: bold; text-align: left;\"><span style=\"font-size: small;\"><i>&nbsp; &nbsp; &nbsp; &nbsp; &nbsp; &nbsp; &nbsp; &nbsp; &nbsp; &nbsp; &nbsp; &nbsp; &nbsp; &nbsp; &nbsp; &nbsp; &nbsp; &nbsp; &nbsp; &nbsp; &nbsp; &nbsp; &nbsp; &nbsp; &nbsp; &nbsp; &nbsp; &nbsp; &nbsp; &nbsp; &nbsp; &nbsp; &nbsp; &nbsp; &nbsp; &nbsp; &nbsp; J. VILSEMAR SILVA<\/i><\/span><\/div>\n<div style=\"text-align: right;\"><i style=\"color: #274e13; font-weight: bold;\">Especialista em Seguran\u00e7a&nbsp;<\/i><span style=\"text-align: justify;\"><span style=\"color: #274e13;\"><b><i>P\u00fablica<\/i><\/b><\/span><\/span><\/div>\n<div style=\"text-align: right;\"><span style=\"text-align: justify;\"><span style=\"color: #274e13;\"><b><i><br \/><\/i><\/b><\/span><\/span><\/div>\n<div style=\"color: #274e13; font-weight: bold;\"><span style=\"font-size: small;\"><i><br \/><\/i><\/span><\/div>\n<div style=\"color: #274e13; font-weight: bold;\"><span style=\"font-size: small;\"><i>\u201cOs homens fazem sua pr\u00f3pria hist\u00f3ria, mas n\u00e3o a fazem como querem: n\u00e3o a fazem sob circunst\u00e2ncias de sua escolha e sim, sob aquelas com que se defrontam diretamente, ligadas e transmitidas pelo passado\u201d. (karl Max)<\/i><\/span><span style=\"font-size: small;\"><o:p><\/o:p><\/span><\/div>\n<\/div>\n<div align=\"center\" style=\"color: #274e13; font-weight: bold; line-height: normal; margin: 0cm 0cm 0.0001pt 4cm; text-align: center;\"><span style=\"font-size: small;\"><i>-.-.-.-.-.-.-.-<\/i><\/span><span style=\"font-size: small;\"><o:p><\/o:p><\/span><\/div>\n<div style=\"color: #274e13; font-weight: bold; line-height: normal; margin: 0cm 0cm 0.0001pt 4cm; text-align: justify;\"><span style=\"font-size: small;\"><i>\u201cEstamos a viver num mundo onde ningu\u00e9m \u00e9 livre, no qual dificilmente algu\u00e9m est\u00e1 seguro, sendo quase imposs\u00edvel ser honesto e permanecer vivo.\u201d George Orwell. The Road to Wigan Pier&nbsp;<\/i><\/span><\/div>\n<div style=\"font-weight: bold; line-height: normal; margin: 0cm 0cm 0.0001pt 4cm; text-align: justify;\"><\/div>\n<div style=\"color: #20124d; font-family: Times,&quot;Times New Roman&quot;,serif; line-height: normal; margin-bottom: 0.0001pt; text-align: justify;\"><span style=\"font-size: large;\">ROLETA RUSSA<\/span><\/div>\n<div style=\"color: #20124d; font-family: Times,&quot;Times New Roman&quot;,serif; line-height: normal; margin-bottom: 0.0001pt; text-align: justify;\"><span style=\"font-size: large;\"><br \/><\/span><\/div>\n<div style=\"color: #20124d; font-family: Times,&quot;Times New Roman&quot;,serif; line-height: normal; text-align: justify;\"><span style=\"font-size: large;\">&#8211; A viol\u00eancia pand\u00eamica urbana das m\u00e9dias e grandes cidades vem atingindo n\u00edveis cada vez mais contundentes e estarrecedores. Em Boa Vista, capital do Estado de Roraima, a seguran\u00e7a est\u00e1 em um cont\u00ednuo processo de degrada\u00e7\u00e3o. Os pol\u00edticos, de esquerda e de direita, muitos apenas demagogos, pouco fazem para reverter a situa\u00e7\u00e3o, al\u00e9m de se aproveitarem desta conjuntura social degradante. <\/span><span style=\"font-size: large;\"><o:p><\/o:p><\/span><\/div>\n<div style=\"color: #20124d; font-family: Times,&quot;Times New Roman&quot;,serif; line-height: normal; text-align: justify;\"><span style=\"font-size: large;\">&#8211; O medo e a desconfian\u00e7a s\u00e3o dominantes e est\u00e3o refletidos nas resid\u00eancias das classes m\u00e9dia e alta, transformadas em verdadeiros \u201cbunkers\u201d, com muros altos, alarmes eletr\u00f4nicos, c\u00e2meras de seguran\u00e7a, c\u00e3es de guarda, cercas eletrificadas e seguran\u00e7as de empresas particulares. O \u00f3bvio fica explicito com rela\u00e7\u00e3o \u00e0 confian\u00e7a depositada na seguran\u00e7a p\u00fablica oferecida pelo Estado. E os bons cidad\u00e3os, pobres e miser\u00e1veis das periferias, como fica a seguran\u00e7a deles? <\/span><span style=\"font-size: large;\"><o:p><\/o:p><\/span><\/div>\n<div style=\"color: #20124d; font-family: Times,&quot;Times New Roman&quot;,serif; line-height: normal; text-align: justify;\"><span style=\"font-size: large;\">&#8211; Por este caminho, fica denotado que na nossa pequena capital a seguran\u00e7a \u00e9 p\u00edfia com rela\u00e7\u00e3o aos homic\u00eddios e latroc\u00ednios, os quais ocorrem, por coisas triviais, \u00e0 luz do dia, em pleno centro e nos bairros, quase todos os dias e isto sem falar do tr\u00e2nsito com um percentual alto de condutores de ve\u00edculos mal preparados que chacinam e mutilam diariamente. <\/span><span style=\"font-size: large;\"><o:p><\/o:p><\/span><\/div>\n<div style=\"color: #20124d; font-family: Times,&quot;Times New Roman&quot;,serif; line-height: normal; text-align: justify;\"><span style=\"font-size: large;\">&#8211; O Estado e os \u00f3rg\u00e3os repressivos, lentos, enfraquecidos, e mal preparados para os modelos de prevencionismo moderno, fazem o que podem, mas os \u00edndices n\u00e3o diminuem. O pior \u00e9 que empresas privadas de seguran\u00e7a aproveitam o fil\u00e3o de ouro e passam a ocupar as lacunas deixadas pelo Estado com a venda de prote\u00e7\u00e3o aos apaniguados da classe m\u00e9dia alta e pol\u00edticos de direita e da Nova Esquerda delet\u00e9ria. <\/span><span style=\"font-size: large;\"><o:p><\/o:p><\/span><\/div>\n<div style=\"color: #20124d; font-family: Times,&quot;Times New Roman&quot;,serif; line-height: normal; text-align: justify;\"><span style=\"font-size: large;\">&#8211; O sistema prisional do Estado j\u00e1 atingiu o seu limite de encarceramento e cogita-se na constru\u00e7\u00e3o de mais um pres\u00eddio. A grande maioria dos encarcerados, n\u00e3o s\u00f3 em Roraima, mas em todo o Brasil, s\u00e3o jovens pobres, pardos, negros, miser\u00e1veis, analfabetos, muitos envolvidos com o narcotr\u00e1fico, rotulados, etiquetados e posteriormente estereotipados como \u201colheiros\u201d, \u201cmulas\u201d, \u201cvapores\u201d, avi\u00f5es, \u201cgerentes\u201d etc. Ap\u00f3s o cumprimento de suas penas, um percentual alt\u00edssimo volta a delinq\u00fcir de forma bem mais insidiosa e contundente. O pior \u00e9 que essa situa\u00e7\u00e3o n\u00e3o \u00e9 inerente apenas a capital de Roraima, pois est\u00e1 refletida em todas as cidades do pa\u00eds de Norte a Sul, de Leste a Oeste, e em plena ascens\u00e3o.&nbsp;<\/span><\/div>\n<div style=\"color: #20124d; font-family: Times,&quot;Times New Roman&quot;,serif; line-height: normal; text-align: justify;\"><span style=\"font-size: large;\"><br \/><\/span><\/div>\n<div style=\"color: #20124d; font-family: Times,&quot;Times New Roman&quot;,serif; line-height: normal; text-align: justify;\"><span style=\"font-size: large;\">OS FATORES CRIMIN\u00d3GENOS<\/span><\/div>\n<div style=\"color: #20124d; font-family: Times,&quot;Times New Roman&quot;,serif; line-height: normal; text-align: justify;\"><span style=\"font-size: large;\"><br \/><\/span><\/div>\n<div style=\"color: #20124d; font-family: Times,&quot;Times New Roman&quot;,serif; line-height: normal; text-align: justify;\"><span style=\"font-size: large;\">&#8211; Afinal de contas, de quem \u00e9 a culpa pela expans\u00e3o descomunal da criminalidade? Seria exclusivamente dos criminosos que por livre arb\u00edtrio escolhem o caminho do crime? Seria dos pol\u00edticos e governantes corruptos que se aproveitam da ignor\u00e2ncia do povo e n\u00e3o combatem os fatores que levam ao crime? Seria do pr\u00f3prio povo, uma esp\u00e9cie de boiada mansa, movido pelo senso comum imposto? Seria da m\u00eddia, conhecida tamb\u00e9m como o quarto poder, a qual induz o povo a ter um determinado comportamento at\u00e9 mesmo com a utiliza\u00e7\u00e3o de enxertos subliminares<a href=\"http:\/\/www.blogger.com\/post-edit.g?blogID=1215898696525430552&amp;postID=5428141126218982833#_ftn1\" name=\"_ftnref1\" title=\"\"><span><span><span style=\"line-height: 115%;\">[1]<\/span><\/span><\/span><\/a>? Seria do modelo neoliberal, com a sua nova sociedade consumerista exacerbada e controlada por transnacionais que est\u00e3o acima dos pol\u00edticos? A culpa seria dos pardos, negros, prostitutas e \u00edndios, j\u00e1 que representam a maioria nos pres\u00eddios? <\/span><span style=\"font-size: large;\"><o:p><\/o:p><\/span><\/div>\n<div style=\"color: #20124d; font-family: Times,&quot;Times New Roman&quot;,serif; line-height: normal; text-align: justify;\"><span style=\"font-size: large;\">&#8211; V\u00e1rios s\u00e3o os paradigmas, r\u00f3tulagem, etiquetagem, estere\u00f3tipos e estigmas desenvolvidos pela sociedade elitizada dominante, nos \u00faltimos s\u00e9culos, para com a classe mais pauperizada ou estigmatizada, principalmente para com os negros, os pardos e os \u00edndios. O reflexo dessa discrimina\u00e7\u00e3o est\u00e1 refletida no c\u00e1rcere, cadeia ou casa de deten\u00e7\u00e3o, denominado por BECCARIA de <\/span><span style=\"font-size: large;\"><i>\u201ca horr\u00edvel mans\u00e3o do desespero e da fome\u201d<\/i><a href=\"http:\/\/www.blogger.com\/post-edit.g?blogID=1215898696525430552&amp;postID=5428141126218982833\" name=\"_ftnref2\"><\/a> <a href=\"http:\/\/www.blogger.com\/post-edit.g?blogID=1215898696525430552&amp;postID=5428141126218982833#_ftn2\" name=\"_ftnref2\" title=\"\"><span><span><span style=\"line-height: 115%;\">[2]<\/span><\/span><\/span><\/a><\/span><span style=\"font-size: large;\">, nas quais a maioria dos detentos pertence aos grupos citados. S\u00f3 coincid\u00eancia? <\/span><span style=\"font-size: large;\"><o:p><\/o:p><\/span><\/div>\n<div style=\"color: #20124d; font-family: Times,&quot;Times New Roman&quot;,serif; line-height: normal; text-align: justify;\"><span style=\"font-size: large;\">&#8211; Vamos abordar apenas alguns dos fatores crimin\u00f3genos que influenciam no crescimento da criminalidade entre os grupos secularmente estereotipados pela rotulagem ou etiquetagem, e por uma quest\u00e3o de justi\u00e7a, tamb\u00e9m ser\u00e1 abordado alguns fatores criminais enraizados nas classes sociais mais abastadas, individualistas e elitizadas da moderna sociedade globalizada. <\/span><span style=\"font-size: large;\"><o:p><\/o:p><\/span><\/div>\n<div style=\"color: #20124d; font-family: Times,&quot;Times New Roman&quot;,serif; line-height: normal; text-align: justify;\"><span style=\"font-size: large;\">&#8211; De imediato podemos observar que as autoridades governamentais continuam insistindo em dar maior aten\u00e7\u00e3o aos efeitos crimin\u00f3genos, enquanto que as causas ex\u00f3genas<\/span><span style=\"font-size: large;\"><a href=\"http:\/\/www.blogger.com\/post-edit.g?blogID=1215898696525430552&amp;postID=5428141126218982833\" name=\"_ftnref3\"><\/a><a href=\"http:\/\/www.blogger.com\/post-edit.g?blogID=1215898696525430552&amp;postID=5428141126218982833#_ftn3\" name=\"_ftnref3\" title=\"\"><span><span><span style=\"line-height: 115%;\">[3]<\/span><\/span><\/span><\/a><\/span><span style=\"font-size: large;\">, consorciadas com as causas end\u00f3genas<\/span><span style=\"font-size: large;\"><a href=\"http:\/\/www.blogger.com\/post-edit.g?blogID=1215898696525430552&amp;postID=5428141126218982833\" name=\"_ftnref4\"><\/a><a href=\"http:\/\/www.blogger.com\/post-edit.g?blogID=1215898696525430552&amp;postID=5428141126218982833#_ftn4\" name=\"_ftnref4\" title=\"\"><span><span><span style=\"line-height: 115%;\">[4]<\/span><\/span><\/span><\/a><\/span><span style=\"font-size: large;\">, as quais ensejam o surgimento dos crimes atrav\u00e9s da indu\u00e7\u00e3o, da imita\u00e7\u00e3o, das psicopatias, neuroses, fanatismo etc., s\u00e3o modestamente combatidas ou simplesmente ignoradas de acordo com os interesses circunstanciais do momento pol\u00edtico ou econ\u00f4mico.<\/span><span style=\"font-size: large;\"><o:p><\/o:p><\/span><\/div>\n<div style=\"color: #20124d; font-family: Times,&quot;Times New Roman&quot;,serif; line-height: normal; text-align: justify;\"><span style=\"font-size: large;\">&#8211; Quais s\u00e3o essas causas (ex\u00f3genas\/end\u00f3genas)? Quais s\u00e3o as suas origens? O assunto \u00e9 complexo, mas vamos descrever, sucintamente, apenas algumas dessas ra\u00edzes ou vertentes que alimentam a criminalidade que est\u00e1 entranhada profundamente tanto nos governantes como nos governados. <\/span><span style=\"font-size: large;\"><o:p><\/o:p><\/span><\/div>\n<div style=\"color: #20124d; font-family: Times,&quot;Times New Roman&quot;,serif; line-height: normal; text-align: justify;\"><span style=\"font-size: large;\">&#8211; V\u00e1rias s\u00e3o as origens hist\u00f3ricas das causas crimin\u00f3genas. Modernamente podemos citar que, com o advento da 3\u00aa revolu\u00e7\u00e3o industrial, nos \u00faltimos dec\u00eanios, milhares de pessoas, desqualificadas tecnologicamente, abandonaram a \u00e1rea rural pela press\u00e3o de latif\u00fandios nacionais e internacionais, sequiosos unicamente por lucros, pela monocultura predat\u00f3ria, pela mecaniza\u00e7\u00e3o e robotiza\u00e7\u00e3o da lavoura, pela falta de terras, pela falta de trabalho e de perspectivas de uma vida melhor. Esses fatores impulsionaram e impulsionam ainda o fen\u00f4meno da migra\u00e7\u00e3o das fam\u00edlias camponesas pobres em busca de novos horizontes mais promissores. O rumo tomado foi \u00e0 dire\u00e7\u00e3o do brilho enganoso das grandes cidades. Nas cidades ocorreu e continua ocorrendo a n\u00e3o adapta\u00e7\u00e3o de milhares de pessoas. Nas cidades, fatores sociais diversos e adversos, acabaram gerando a marginaliza\u00e7\u00e3o de milh\u00f5es de seres humanos, bem como o surgimento das favelas e de bairros miser\u00e1veis, os quais acabam servindo aos interesses de justiceiros, narcotraficantes, grupos paramilitares (milicianos), de pol\u00edticos oportunistas, comunistas e de direita, de car\u00e1ter p\u00e9rfido, de religiosos fundamentalistas e de dezenas de outros aproveitadores. Desse cadinho, agigantam-se, paulatinamente, os crimes contra a vida (humana\/fauna\/flora). A corrup\u00e7\u00e3o cria ra\u00edzes profundas e, obviamente, os crimes contra o patrim\u00f4nio p\u00fablico e privado n\u00e3o ficam de fora. Toda essa situa\u00e7\u00e3o propicia um terreno muito f\u00e9rtil para os grupos citados, os quais est\u00e3o a gerar outras dezenas de males e contaminando, de maneira insidiosa, a nossa democracia, a qual j\u00e1 n\u00e3o ocupa uma boa posi\u00e7\u00e3o no ranking mundial<\/span><span style=\"font-size: large;\"><a href=\"http:\/\/www.blogger.com\/post-edit.g?blogID=1215898696525430552&amp;postID=5428141126218982833\" name=\"_ftnref5\"><\/a><a href=\"http:\/\/www.blogger.com\/post-edit.g?blogID=1215898696525430552&amp;postID=5428141126218982833#_ftn5\" name=\"_ftnref5\" title=\"\"><span><span><span style=\"line-height: 115%;\">[5]<\/span><\/span><\/span><\/a><\/span><span style=\"font-size: large;\"> (42\u00ba entre 165 pa\u00edses), sendo considerada uma democracia imperfeita.<\/span><\/div>\n<div style=\"color: #20124d; font-family: Times,&quot;Times New Roman&quot;,serif; line-height: normal; text-align: justify;\"><span style=\"font-size: large;\"><br \/><\/span><\/div>\n<div style=\"color: #20124d; font-family: Times,&quot;Times New Roman&quot;,serif; line-height: normal; text-align: justify;\"><span style=\"font-size: large;\">A COLHEITA<\/span><\/div>\n<div style=\"color: #20124d; font-family: Times,&quot;Times New Roman&quot;,serif; line-height: normal; text-align: justify;\"><span style=\"font-size: large;\"><br \/><\/span><\/div>\n<div style=\"color: #20124d; font-family: Times,&quot;Times New Roman&quot;,serif; line-height: normal; text-align: justify;\"><span style=\"font-size: large;\">&#8211; Nesse sentido, algumas opini\u00f5es s\u00e3o marcantes e pessimistas com rela\u00e7\u00e3o \u00e0 qualidade de vida nesses grandes centros urbanos. Veja o pensamento do conhecido ator Jos\u00e9 WILKER ao falar das cidades:<\/span><\/div>\n<div style=\"color: #20124d; font-family: Times,&quot;Times New Roman&quot;,serif; line-height: normal; text-align: justify;\"><span style=\"font-size: large;\"><br \/><\/span><\/div>\n<div style=\"color: #20124d; font-family: Times,&quot;Times New Roman&quot;,serif; line-height: normal; text-align: justify;\"><span style=\"font-size: large;\"> <\/span><span style=\"font-size: large;\"><o:p><\/o:p><\/span><\/div>\n<div style=\"color: #20124d; font-family: Times,&quot;Times New Roman&quot;,serif; line-height: normal; margin: 0cm 0cm 0.0001pt 4cm; text-align: justify;\"><span style=\"font-size: large;\"><i>\u201cAs maiores cidades brasileiras s\u00e3o grandes feridas sem cura prov\u00e1vel a m\u00e9dio ou longo prazo. Em todas elas instalou-se o caos, uma desordem que, nem de longe, \u00e9 semente que venha a produzir em um bom fruto. Seguran\u00e7a p\u00fablica, saneamento b\u00e1sico, sa\u00fade, tr\u00e2nsito, tudo \u00e9 uma imensa sucata. Temo que os pr\u00f3ximos quarenta anos apenas agravem a atual situa\u00e7\u00e3o\u201d<\/i> <a href=\"http:\/\/www.blogger.com\/post-edit.g?blogID=1215898696525430552&amp;postID=5428141126218982833#_ftn6\" name=\"_ftnref6\" title=\"\"><span><span><span style=\"line-height: 115%;\">[6]<\/span><\/span><\/span><\/a><i>.<\/i><\/span><\/div>\n<div style=\"color: #20124d; font-family: Times,&quot;Times New Roman&quot;,serif; line-height: normal; margin: 0cm 0cm 0.0001pt 4cm; text-align: justify;\"><span style=\"font-size: large;\"><i>&nbsp;<\/i><\/span><span style=\"font-size: large;\"> <\/span><span style=\"font-size: large;\"><a href=\"http:\/\/www.blogger.com\/post-edit.g?blogID=1215898696525430552&amp;postID=5428141126218982833\" name=\"_ftnref6\"><\/a><\/span><span style=\"font-size: large;\"><o:p><\/o:p><\/span><\/div>\n<div style=\"color: #20124d; font-family: Times,&quot;Times New Roman&quot;,serif; line-height: normal; text-align: justify;\"><span style=\"font-size: large;\">&#8211; \u00c9 lastim\u00e1vel, mas a opini\u00e3o acima n\u00e3o deixa de ter uma boa dose de realidade. Nas cidades existem centenas de bols\u00f5es de mis\u00e9ria. Nesses locais a promiscuidade com doen\u00e7as sexualmente transmiss\u00edveis \u00e9 crescente, a educa\u00e7\u00e3o p\u00fablica, caso exista, \u00e9 de baix\u00edssima qualidade, n\u00e3o existe saneamento b\u00e1sico, o qual est\u00e1 a gerar in\u00fameras doen\u00e7as, a degrada\u00e7\u00e3o ambiental \u00e9 intensa e a inexist\u00eancia de perspectivas para os mais jovens \u00e9 um fato concreto. Nesses locais, o consumo de drogas l\u00edcitas (\u00e1lcool), o consumo, com\u00e9rcio de drogas il\u00edcitas (coca\u00edna, crack, psicotr\u00f3picos, maconha transg\u00eanica etc.) e a desestrutura\u00e7\u00e3o familiar s\u00e3o sintomas mais do que preocupantes, pois esses fatores ajudam a fomentar in\u00fameras a\u00e7\u00f5es criminosas. A\u00e7\u00f5es estas que, na grande maioria, fogem do controle do Estado, gerando alt\u00edssimas cifras negras<\/span><span style=\"font-size: large;\"><a href=\"http:\/\/www.blogger.com\/post-edit.g?blogID=1215898696525430552&amp;postID=5428141126218982833\" name=\"_ftnref7\"><\/a><a href=\"http:\/\/www.blogger.com\/post-edit.g?blogID=1215898696525430552&amp;postID=5428141126218982833#_ftn7\" name=\"_ftnref7\" title=\"\"><span><span><span style=\"line-height: 115%;\">[7]<\/span><\/span><\/span><\/a><\/span><span style=\"font-size: large;\">. <\/span><span style=\"font-size: large;\"><o:p><\/o:p><\/span><\/div>\n<div style=\"color: #20124d; font-family: Times,&quot;Times New Roman&quot;,serif; line-height: normal; text-align: justify;\"><span style=\"font-size: large;\">&#8211; Dos crimes que chegam ao conhecimento do Estado apenas uma parcela \u00ednfima acaba sendo elucidada. Essa parcela \u00ednfima, de acordo com alguns especialistas, \u00e9 em torno de 2,5%<\/span><span style=\"font-size: large;\"><a href=\"http:\/\/www.blogger.com\/post-edit.g?blogID=1215898696525430552&amp;postID=5428141126218982833\" name=\"_ftnref8\"><\/a><a href=\"http:\/\/www.blogger.com\/post-edit.g?blogID=1215898696525430552&amp;postID=5428141126218982833#_ftn8\" name=\"_ftnref8\" title=\"\"><span><span><span style=\"line-height: 115%;\">[8]<\/span><\/span><\/span><\/a><\/span><span style=\"font-size: large;\">. Isto n\u00e3o \u00e9 mostrado pelos governantes, na m\u00eddia oficial televisiva, por quest\u00f5es \u00f3bvias. \u00c9 bom deixar explicito que os filhos de fam\u00edlias abastadas tamb\u00e9m se envolvem com o uso e com\u00e9rcio de drogas e, sendo assim, h\u00e1 uma maior dificuldade de serem combatidos. <\/span><span style=\"font-size: large;\"><o:p><\/o:p><\/span><\/div>\n<div style=\"color: #20124d; font-family: Times,&quot;Times New Roman&quot;,serif; line-height: normal; text-align: justify;\"><span style=\"font-size: large;\">&#8211; Dentro da c\u00e9lula familiar a falta de conhecimentos gera a ignor\u00e2ncia (m\u00e3e de todos os males), os bons costumes se pervertem e a moralidade entra em colapso pela m\u00e1 forma\u00e7\u00e3o familiar. As virtudes viram moedas enferrujadas e sem valor. Os fatores que geram estas causas acabam ficando, hipocritamente, em segundo plano, induzindo a uma vis\u00e3o falseada da interpreta\u00e7\u00e3o da verdadeira realidade social, principalmente pelos governados de senso comum que v\u00eaem apenas os efeitos crimin\u00f3genos. <\/span><span style=\"font-size: large;\"><o:p><\/o:p><\/span><\/div>\n<div style=\"color: #20124d; font-family: Times,&quot;Times New Roman&quot;,serif; line-height: normal; text-align: justify;\"><span style=\"font-size: large;\">&#8211; Conv\u00e9m deixar frisado que algumas ra\u00edzes crimin\u00f3genas hist\u00f3ricas s\u00e3o alimentadas pelo injusto modelo concentrador neoliberal capitalista brasileiro, aliado a um modelo de globaliza\u00e7\u00e3o totalmente insustent\u00e1vel para o planeta, o qual, diga-se de passagem, possui recursos limitados, ou seja, milh\u00f5es de pessoas jamais ter\u00e3o acesso a esses recursos. Em contrapartida, esse modelo gera para alguns um enriquecimento descomunal, principalmente para banqueiros, narcotraficantes, pol\u00edticos adeptos de Maquiavel, empres\u00e1rios de mau car\u00e1ter, empres\u00e1rios da ind\u00fastria de armamentos, igrejas etc. <\/span><span style=\"font-size: large;\"><o:p><\/o:p><\/span><\/div>\n<div style=\"color: #20124d; font-family: Times,&quot;Times New Roman&quot;,serif; line-height: normal; text-align: justify;\"><span style=\"font-size: large;\">&#8211; Com rela\u00e7\u00e3o aos bancos, o iminente pesquisador e escritor Gustavo BARROSO j\u00e1 mostrava detalhes \u00edntimos de fatores crimin\u00f3genos da Monarquia, e posteriormente com a Rep\u00fablica, nas transa\u00e7\u00f5es financeiras. Os banqueiros sempre foram protegidos pelos governantes (Recentemente o governo do soci\u00f3logo FHC socorreu, com dinheiro p\u00fablico, os bancos que estavam prestes a quebrar, socializando o preju\u00edzo<\/span><span style=\"font-size: large;\"><i>)<\/i><\/span><span style=\"font-size: large;\">. Sempre foram favorecidos com juros escrachantes e aviltantes<\/span><span style=\"font-size: large;\"><a href=\"http:\/\/www.blogger.com\/post-edit.g?blogID=1215898696525430552&amp;postID=5428141126218982833\" name=\"_ftnref9\"><\/a><a href=\"http:\/\/www.blogger.com\/post-edit.g?blogID=1215898696525430552&amp;postID=5428141126218982833#_ftn9\" name=\"_ftnref9\" title=\"\"><span><span><span style=\"line-height: 115%;\">[9]<\/span><\/span><\/span><\/a><\/span><span style=\"font-size: large;\">, al\u00e9m, obviamente, do contumaz, septic\u00eamico e hist\u00f3rico desvio do er\u00e1rio p\u00fablico pela classe elitizada, atrav\u00e9s da corrup\u00e7\u00e3o<\/span><span style=\"font-size: large;\"><a href=\"http:\/\/www.blogger.com\/post-edit.g?blogID=1215898696525430552&amp;postID=5428141126218982833\" name=\"_ftnref10\"><\/a><a href=\"http:\/\/www.blogger.com\/post-edit.g?blogID=1215898696525430552&amp;postID=5428141126218982833#_ftn10\" name=\"_ftnref10\" title=\"\"><span><span><span style=\"line-height: 115%;\">[10]<\/span><\/span><\/span><\/a><\/span><span style=\"font-size: large;\"> end\u00eamica (uma das maiores do mundo) consorciada com a vol\u00fapia de ganhos f\u00e1ceis, pela fraude atrav\u00e9s de atos infames, enriquecidos pela engenhosidade de burlar. Como esses fatores continuam entranhados nos bastidores do poder e acentuados nos \u00faltimos dec\u00eanios, eles acabam ajudando a enfraquecer ou a maquilar o trabalho do Estado no combate \u00e0s verdadeiras causas da criminalidade, pois \u00e9 mais interessante combater, ilusoriamente, os efeitos crimin\u00f3genos das classes sociais mais debilitadas e, de vez em quando, algemar (agora limitado) algum figur\u00e3o<\/span><span style=\"font-size: large;\"><a href=\"http:\/\/www.blogger.com\/post-edit.g?blogID=1215898696525430552&amp;postID=5428141126218982833\" name=\"_ftnref11\"><\/a><a href=\"http:\/\/www.blogger.com\/post-edit.g?blogID=1215898696525430552&amp;postID=5428141126218982833#_ftn11\" name=\"_ftnref11\" title=\"\"><span><span><span style=\"line-height: 115%;\">[11]<\/span><\/span><\/span><\/a><\/span><span style=\"font-size: large;\"> <\/span><span style=\"font-size: large;\"> da alta sociedade, preferencialmente, com todos os holofotes midi\u00e1ticos presentes para que o espet\u00e1culo circense destinado para os cidad\u00e3os de senso comum n\u00e3o pare.&nbsp;<\/span><\/div>\n<div style=\"color: #20124d; font-family: Times,&quot;Times New Roman&quot;,serif; line-height: normal; text-align: justify;\"><span style=\"font-size: large;\"><br \/><\/span><\/div>\n<div style=\"color: #20124d; font-family: Times,&quot;Times New Roman&quot;,serif; line-height: normal; text-align: justify;\"><span style=\"font-size: large;\">O ESTADO, OS POL\u00cdTICOS, AS FAM\u00cdLIAS, A SOCIEDADE<\/span><\/div>\n<div style=\"color: #20124d; font-family: Times,&quot;Times New Roman&quot;,serif; line-height: normal; text-align: justify;\"><span style=\"font-size: large;\"><br \/><\/span><\/div>\n<div style=\"color: #20124d; font-family: Times,&quot;Times New Roman&quot;,serif; line-height: normal; text-align: justify;\"><span style=\"font-size: large;\">&#8211; O Estado vendo o crescimento descomunal do crime, numa tentativa paliativa de estancar a criminalidade crescente e organizada nas grandes cidades, cria novas legisla\u00e7\u00f5es penais mais duras, as quais, infelizmente, n\u00e3o conseguem amainar o recrudescimento do crime e acabam ajudando, ainda mais, a \u201cempilhar\u201d somente seres humanos miser\u00e1veis, analfabetos, alguns at\u00e9 inocentes, e outros por crimes de bagatela, em pres\u00eddios com chances m\u00ednimas de ressocializa\u00e7\u00e3o, a n\u00e3o ser de se especializarem ainda mais no crime e no \u00f3dio. Obviamente para os criminosos das classes abastadas tudo fica mais f\u00e1cil com a contrata\u00e7\u00e3o de bons advogados para se livrarem ou de emperrarem processos que se arrastam por anos nas est\u00e2ncias judici\u00e1rias superioras, al\u00e9m de conservarem todo ou parte do lucro do butim do er\u00e1rio p\u00fablico, das drogas, do descaminho etc. Sobra tempo at\u00e9 para alguns virarem pol\u00edticos de esquerda ou de direita e conseguirem o f\u00f3rum privilegiado. <\/span><span style=\"font-size: large;\"><o:p><\/o:p><\/span><\/div>\n<div style=\"color: #20124d; font-family: Times,&quot;Times New Roman&quot;,serif; line-height: normal; text-align: justify;\"><span style=\"font-size: large;\">&#8211; Entre as v\u00e1rias leis que buscam refrear o recrudescimento do crime, uma se destaca, pois foi criada pela boa sociedade e pela press\u00e3o internacional com prec\u00edpuo de proteger crian\u00e7as, adolescentes e amenizar a viol\u00eancia contra elas. O Estado promulgou o Estatuto da Crian\u00e7a e do Adolescente (ECA), o qual possui, inquestionavelmente, dezenas de artigos extremamente importantes para a prote\u00e7\u00e3o do menor de idade, mas em contrapartida, o Estado \u00e9 leniente para com a aplica\u00e7\u00e3o integral do texto, al\u00e9m de ser extremamente paternalista com menores de alta periculosidade. <\/span><span style=\"font-size: large;\"><o:p><\/o:p><\/span><\/div>\n<div style=\"color: #20124d; font-family: Times,&quot;Times New Roman&quot;,serif; line-height: normal; text-align: justify;\"><span style=\"font-size: large;\">&#8211; As conseq\u00fc\u00eancias dessa leni\u00eancia foram \u00e0 perman\u00eancia da prostitui\u00e7\u00e3o infantil, do trabalho escravo, do abuso sexual, dos crimes contra o patrim\u00f4nio e dos crimes contra a vida. Neste \u00faltimo quesito os infantes e adolescentes matam e morrem pela necessidade de sobreviv\u00eancia ou movidos pelo \u00f3dio. <\/span><span style=\"font-size: large;\"><o:p><\/o:p><\/span><\/div>\n<div style=\"color: #20124d; font-family: Times,&quot;Times New Roman&quot;,serif; line-height: normal; text-align: justify;\"><span style=\"font-size: large;\">&#8211; Nessa degeneresc\u00eancia b\u00e1rbara e est\u00fapida, o Brasil prepara as levas de futuras gera\u00e7\u00f5es de brasileiros, pois os programas para eliminar as causas s\u00e3o deficit\u00e1rios na maioria das cidades brasileiras. <\/span><span style=\"font-size: large;\"><o:p><\/o:p><\/span><\/div>\n<div style=\"color: #20124d; font-family: Times,&quot;Times New Roman&quot;,serif; line-height: normal; text-align: justify;\"><span style=\"font-size: large;\">&#8211; Para alguns crimin\u00f3logos, o ECA \u00e9 uma fal\u00e1cia, j\u00e1 que as causas permanecem inc\u00f3lumes na grande maioria das cidades. Miguel Granato VELASQUEZ, Promotor de Justi\u00e7a, mostra alguns desses fatores que maculam a inf\u00e2ncia brasileira, principalmente a pobre:<\/span><\/div>\n<div style=\"color: #20124d; font-family: Times,&quot;Times New Roman&quot;,serif; line-height: normal; text-align: justify;\"><span style=\"font-size: large;\"><br \/><\/span><\/div>\n<div style=\"color: #20124d; font-family: Times,&quot;Times New Roman&quot;,serif; line-height: normal; margin: 0cm 0cm 0.0001pt 4cm; text-align: justify;\"><span style=\"font-size: large;\"><i>\u201cNo entanto, al\u00e9m da viol\u00eancia contra a vida, os jovens brasileiros tamb\u00e9m s\u00e3o submetidos a muitos outros tipos de viol\u00eancia, como a mis\u00e9ria, a neglig\u00eancia e abandono paternos, o desemprego, as agress\u00f5es dom\u00e9sticas, tanto f\u00edsicas quanto ps\u00edquicas, a falta de atendimento b\u00e1sico de sa\u00fade, a educa\u00e7\u00e3o deficiente, as drogas e o tr\u00e1fico e a moradia em locais marcados pela criminalidade ou controlados pelo crime organizado. De fato, crescer no Brasil, especialmente para as popula\u00e7\u00f5es carentes, \u00e9 uma experi\u00eancia de alto risco\u201d<\/i><a href=\"http:\/\/www.blogger.com\/post-edit.g?blogID=1215898696525430552&amp;postID=5428141126218982833\" name=\"_ftnref12\"><\/a><i> <a href=\"http:\/\/www.blogger.com\/post-edit.g?blogID=1215898696525430552&amp;postID=5428141126218982833#_ftn12\" name=\"_ftnref12\" title=\"\"><span><span><span style=\"line-height: 115%;\">[12]<\/span><\/span><\/span><\/a><\/i><i>.<\/i><\/span><\/div>\n<div style=\"color: #20124d; font-family: Times,&quot;Times New Roman&quot;,serif; line-height: normal; margin: 0cm 0cm 0.0001pt 4cm; text-align: justify;\"><span style=\"font-size: large;\"><i>&nbsp;<\/i><i> <\/i><\/span><span style=\"font-size: large;\"><o:p><\/o:p><\/span><\/div>\n<div style=\"color: #20124d; font-family: Times,&quot;Times New Roman&quot;,serif; line-height: normal; text-align: justify;\"><span style=\"font-size: large;\">&#8211; Neste sentido Jo\u00e3o Farias JUNIOR acrescenta: \u201c<\/span><span style=\"font-size: large;\"><i>\u00c9 a criminalidade que, tendo suas ra\u00edzes intocadas, cresce, devasta, violenta, chacina, mutila e dilapida patrim\u00f4nio, e se torna cada vez mais poderosa, mais potente, e mais desafiante\u201d<\/i><a href=\"http:\/\/www.blogger.com\/post-edit.g?blogID=1215898696525430552&amp;postID=5428141126218982833\" name=\"_ftnref13\"><\/a><i> <a href=\"http:\/\/www.blogger.com\/post-edit.g?blogID=1215898696525430552&amp;postID=5428141126218982833#_ftn13\" name=\"_ftnref13\" title=\"\"><span><span><span style=\"line-height: 115%;\">[13]<\/span><\/span><\/span><\/a><\/i><i>.<\/i><\/span><span style=\"font-size: large;\"><o:p><\/o:p><\/span><\/div>\n<div style=\"color: #20124d; font-family: Times,&quot;Times New Roman&quot;,serif; line-height: normal; text-align: justify;\"><span style=\"font-size: large;\">&#8211; Por outro lado, fam\u00edlias das classes sociais abastadas, e principalmente as classes de parcos recursos, j\u00e1 n\u00e3o conseguem mais impedir as m\u00e1s companhias dos filhos. Na luta pela sobreviv\u00eancia dos mais pobres e pela gan\u00e2ncia dos ricos, ocorre o afastamento dos genitores na educa\u00e7\u00e3o b\u00e1sica das crian\u00e7as. As influ\u00eancias negativas e sem limites da m\u00eddia televisiva em hor\u00e1rio nobre, com o seu culto \u00e0s futilidades, novelas que incentivam ao crime, \u00e0 prostitui\u00e7\u00e3o, \u00e0s drogas, \u00e0 indu\u00e7\u00e3o consumerista sem limites e \u00e0s armadilhas da internet (ped\u00f3filos a ca\u00e7a de criancinhas, apologia as drogas, os perigos do Orkut) e filmes que induzem ao mundo da criminalidade \u00e9 uma realidade incontest\u00e1vel e em plena ascens\u00e3o. Milhares de infantes ricos e pobres est\u00e3o sob os influxos da pedofilia, das drogas e da prostitui\u00e7\u00e3o infantil. Freq\u00fcentam lugares degradantes, utilizam-se de subst\u00e2ncias alucin\u00f3genas, muitas vezes vendidas nas portas das escolas e at\u00e9 mesmo no interior delas. Tais fatos permitem que milhares sejam recrutados para as fileiras do crime organizado, outros tantos ser\u00e3o explorados sexualmente ou escravizados por adultos de personalidade e car\u00e1ter p\u00fatrido e, entre esses exploradores, temos at\u00e9 autoridades ou profissionais de todos os n\u00edveis de educa\u00e7\u00e3o que, aparentemente, est\u00e3o acima de qualquer suspeita. O lastim\u00e1vel \u00e9 que alguns desses criminosos, muitos de colarinho branco, freq\u00fcentam algumas sociedades que pregam as virtudes nobres, a moral, a retid\u00e3o nos pensamentos, a retid\u00e3o nas a\u00e7\u00f5es, o humanismo, o holismo etc. <u>O mais interessante \u00e9 reparar que alguns deles continuam ativos em suas fileiras, mesmo depois de descobertos em seus torpes crimes contra crian\u00e7as, contra o er\u00e1rio p\u00fablico etc. H\u00e1 alguns s\u00e9culos passados seriam imediatamente banidos das fileiras de algumas dessas organiza\u00e7\u00f5es e teriam a espada de D\u00e2mocles bailando acima das suas cabe\u00e7as. <\/u><\/span><span style=\"font-size: large;\"><o:p><\/o:p><\/span><\/div>\n<div style=\"color: #20124d; font-family: Times,&quot;Times New Roman&quot;,serif; line-height: normal; text-align: justify;\"><span style=\"font-size: large;\">&#8211; Por sua vez, o Estado, permeado por agentes corruptos, j\u00e1 n\u00e3o consegue mais esconder a degrada\u00e7\u00e3o ps\u00edquica, \u00e9tica e moral dos reclusos sob a sua guarda, os quais passam a viver um inferno em vida. Dentro dos pres\u00eddios do Estado, os prisioneiros vivem em celas&nbsp; sujas e \u00famidas ,contaminadas por doen\u00e7as, al\u00e9m de estarem superlotadas. A promiscuidade \u00e9 t\u00e3o acentuada que o preso perde a dignidade e a pr\u00f3pria honra que ainda lhe resta. O sistema prisional falhou e falha na ressocializa\u00e7\u00e3o da grande maioria dos detentos. A corrup\u00e7\u00e3o chega a um n\u00edvel pand\u00eamico, provando definitivamente a fal\u00eancia do sistema correcional vigente, bem como da inefic\u00e1cia da legisla\u00e7\u00e3o penal baseada apenas nas causas criminais. <\/span><span style=\"font-size: large;\"><o:p><\/o:p><\/span><\/div>\n<div style=\"color: #20124d; font-family: Times,&quot;Times New Roman&quot;,serif; line-height: normal; text-align: justify;\"><span style=\"font-size: large;\">&#8211; Enquanto isso, na sociedade civil, os fatores crimin\u00f3genos ampliam-se em propor\u00e7\u00f5es alarmantes, os bons costumes s\u00e3o invertidos ou pervertidos. O caos do medo e da desconfian\u00e7a \u00e9 instalado no seio das comunidades, al\u00e9m de ocorrer \u00e0 banaliza\u00e7\u00e3o do bem mais precioso do ser humano: a vida.<\/span><span style=\"font-size: large;\"><o:p><\/o:p><\/span><\/div>\n<div style=\"color: #20124d; font-family: Times,&quot;Times New Roman&quot;,serif; line-height: normal; text-align: justify;\"><span style=\"font-size: large;\">&#8211; Jo\u00e3o Farias J\u00daNIOR refor\u00e7a alguns dos fatores crimin\u00f3genos j\u00e1 expostos quando assim se explana:&nbsp;<\/span><\/div>\n<div style=\"color: #20124d; font-family: Times,&quot;Times New Roman&quot;,serif; line-height: normal; text-align: justify;\"><span style=\"font-size: large;\"><br \/><\/span><\/div>\n<div style=\"color: #20124d; font-family: Times,&quot;Times New Roman&quot;,serif; line-height: normal; margin-left: 4cm; text-align: justify;\"><span style=\"font-size: large;\"><i>\u201cAl\u00e9m desses fatores h\u00e1 ainda a acrescentar as migra\u00e7\u00f5es e inadapta\u00e7\u00f5es sociais, os efeitos mal\u00e9ficos das comunica\u00e7\u00f5es sociais e imprensa, o tratamento corrupto e arbitr\u00e1rio da pol\u00edcia, a morosidade da justi\u00e7a criminal e a degeneresc\u00eancia prisional<\/i><a href=\"http:\/\/www.blogger.com\/post-edit.g?blogID=1215898696525430552&amp;postID=5428141126218982833#_ftn14\" name=\"_ftnref14\" title=\"\"><span><i><span><span style=\"line-height: 115%;\">[14]<\/span><\/span><\/i><\/span><\/a><i>\u201d<a href=\"http:\/\/www.blogger.com\/post-edit.g?blogID=1215898696525430552&amp;postID=5428141126218982833\" name=\"_ftnref14\"><\/a>.<\/i><\/span><\/div>\n<div style=\"color: #20124d; font-family: Times,&quot;Times New Roman&quot;,serif; line-height: normal; margin-left: 4cm; text-align: justify;\"><span style=\"font-size: large;\"><br \/><\/span><\/div>\n<div style=\"color: #20124d; font-family: Times,&quot;Times New Roman&quot;,serif; line-height: normal; text-align: justify;\"><span style=\"font-size: large;\">&#8211; E ainda complementa:<\/span><\/div>\n<div style=\"color: #20124d; font-family: Times,&quot;Times New Roman&quot;,serif; line-height: normal; text-align: justify;\"><span style=\"font-size: large;\"><br \/><\/span><\/div>\n<div style=\"color: #20124d; font-family: Times,&quot;Times New Roman&quot;,serif; line-height: normal; margin-left: 4cm; text-align: justify;\"><span style=\"font-size: large;\"><i>\u201cOs influxos sociais mal\u00e9ficos se transmitem e s\u00e3o contra\u00eddos por indu\u00e7\u00e3o, instiga\u00e7\u00e3o, cont\u00e1gio, sugest\u00e3o e imita\u00e7\u00e3o\u201d<\/i><\/span><\/div>\n<div style=\"color: #20124d; font-family: Times,&quot;Times New Roman&quot;,serif; line-height: normal; margin-left: 4cm; text-align: justify;\"><span style=\"font-size: large;\"><br \/><\/span><\/div>\n<div style=\"color: #20124d; font-family: Times,&quot;Times New Roman&quot;,serif; line-height: normal; text-align: justify;\"><span style=\"font-size: large;\">&#8211; Como muito pouco se tem feito no combate as causas end\u00f3genas e ex\u00f3genas, ao atingirmos o fundo do po\u00e7o, poder\u00e1 haver o surgimento de um ordenamento jur\u00eddico penal cada vez mais contundente e insidioso, com a possibilidade, dependendo do rumo pol\u00edtico dos hip\u00f3critas, de ocorrer \u00e0 oficializa\u00e7\u00e3o da pris\u00e3o perp\u00e9tua e da pena de morte<\/span><span style=\"font-size: large;\"><a href=\"http:\/\/www.blogger.com\/post-edit.g?blogID=1215898696525430552&amp;postID=5428141126218982833\" name=\"_ftnref15\"><\/a><a href=\"http:\/\/www.blogger.com\/post-edit.g?blogID=1215898696525430552&amp;postID=5428141126218982833#_ftn15\" name=\"_ftnref15\" title=\"\"><span><span><span style=\"line-height: 115%;\">[15]<\/span><\/span><\/span><\/a><\/span><span style=\"font-size: large;\"> e com o total apoio do povo m\u00edope, de senso comum, conduzido at\u00e9 mesmo por enxertos subliminares midi\u00e1ticos. Concretizando essas duas modalidades de pena m\u00e1xima, estar\u00e1 decretado o afastamento definitivo das causas geradoras do crime e estar\u00e3o atacando, potencialmente, apenas os efeitos crimin\u00f3genos, al\u00e9m de ensejar o surgimento de um Estado policial, semelhante ao que ocorre nos EUA, cujo modelo j\u00e1 est\u00e1 sendo exportado para outros pa\u00edses que orbitam em sua volta.<\/span><span style=\"font-size: large;\"><o:p><\/o:p><\/span><\/div>\n<div style=\"color: #20124d; font-family: Times,&quot;Times New Roman&quot;,serif; line-height: normal; text-align: justify;\"><span style=\"font-size: large;\">&#8211; Qualquer semelhan\u00e7a com o Brasil n\u00e3o ser\u00e1 mera coincid\u00eancia. Loic WACQUANT em sua magn\u00edfica obra deixa claro o tratamento dado pelo Estado Policial dos EUA para com a sua popula\u00e7\u00e3o pobre esteoritipada:<\/span><\/div>\n<div style=\"color: #20124d; font-family: Times,&quot;Times New Roman&quot;,serif; line-height: normal; text-align: justify;\"><span style=\"font-size: large;\"><br \/><\/span><\/div>\n<div style=\"color: #20124d; font-family: Times,&quot;Times New Roman&quot;,serif; line-height: normal; margin: 0cm 0cm 0.0001pt 4cm; text-align: justify;\"><span style=\"font-size: large;\"><i>\u201cO encarceramento serve antes de tudo para \u2018governar a ral\u00e9\u2019 que incomoda \u2013 segundo a express\u00e3o de John Irwin (1986) \u2013 bem mais do que para lutar contra os crimes de sangue cujo espectro freq\u00fcenta as m\u00eddias e alimenta uma florescente industria cultural do medo dos pobres (com emiss\u00f5es de televis\u00e3o Cops 911, que difundem, em horas de grande audi\u00eancia, v\u00eddeos de interven\u00e7\u00f5es reais dos servi\u00e7os de pol\u00edcia nos bairros negros e latinos deserdados, com o mais absoluto desprezo pelo direito das pessoas presas e humilhadas diante das c\u00e2meras)\u201d<\/i><a href=\"http:\/\/www.blogger.com\/post-edit.g?blogID=1215898696525430552&amp;postID=5428141126218982833\" name=\"_ftnref16\"><\/a><i> <a href=\"http:\/\/www.blogger.com\/post-edit.g?blogID=1215898696525430552&amp;postID=5428141126218982833#_ftn16\" name=\"_ftnref16\" title=\"\"><span><span><span style=\"line-height: 115%;\">[16]<\/span><\/span><\/span><\/a><\/i><\/span><\/div>\n<div style=\"color: #20124d; font-family: Times,&quot;Times New Roman&quot;,serif; line-height: normal; margin: 0cm 0cm 0.0001pt 4cm; text-align: justify;\"><span style=\"font-size: large;\"><br \/><\/span><\/div>\n<div style=\"color: #20124d; font-family: Times,&quot;Times New Roman&quot;,serif; line-height: normal; text-align: justify;\"><span style=\"font-size: large;\">&#8211; Neste sentido, algumas autoridades brasileiras j\u00e1 ensaiam medidas mais duras sem reconhecer os respectivos motivos que levam para o crescimento da criminalidade. Veja, por exemplo, o absurdo que um pol\u00edtico, o Sr. Vice-governador Paulo Conde, em 2004, chegou a engendrar a possibilidade da constru\u00e7\u00e3o de um muro gigantesco que iria isolar totalmente a favela da Rocinha, na cidade do Rio de Janeiro, e pelo visto, com o apoio da ex governadora Rosinha<\/span><span style=\"font-size: large;\"><a href=\"http:\/\/www.blogger.com\/post-edit.g?blogID=1215898696525430552&amp;postID=5428141126218982833#_ftn17\" name=\"_ftnref17\" title=\"\"><span><span><span style=\"line-height: 115%;\">[17]<\/span><\/span><\/span><\/a><\/span><span style=\"font-size: large;\">.<a href=\"http:\/\/www.blogger.com\/post-edit.g?blogID=1215898696525430552&amp;postID=5428141126218982833\" name=\"_ftnref17\"><\/a> Se isto realmente chegasse a acontecer estaria decretado um refor\u00e7o extra para o surgimento de um regime segregacionista. Na pr\u00e1tica j\u00e1 temos uma guerra civil<\/span><span style=\"font-size: large;\"><a href=\"http:\/\/www.blogger.com\/post-edit.g?blogID=1215898696525430552&amp;postID=5428141126218982833\" name=\"_ftnref18\"><\/a><a href=\"http:\/\/www.blogger.com\/post-edit.g?blogID=1215898696525430552&amp;postID=5428141126218982833#_ftn18\" name=\"_ftnref18\" title=\"\"><span><span><span style=\"line-height: 115%;\">[18]<\/span><\/span><\/span><\/a><\/span><span style=\"font-size: large;\"> em andamento e regimes ditatoriais instalados nas favelas e bairros pobres da cidade do Rio de Janeiro, com o exterm\u00ednio sistem\u00e1tico de pessoas inocentes, de criminosos, de crian\u00e7as baleadas, de policiais mal pagos e mal preparados. Tudo gerado pela in\u00e9pcia do Estado. <\/span><span style=\"font-size: large;\"><o:p><\/o:p><\/span><\/div>\n<div style=\"color: #20124d; font-family: Times,&quot;Times New Roman&quot;,serif; line-height: normal; text-align: justify;\"><span style=\"font-size: large;\">&#8211; Para essas comunidades pobres, o direito b\u00e1sico constitucional de ir e vir \u00e9 tolhido, al\u00e9m de outras garantias constitucionais serem desrespeitadas. Dessa maneira s\u00f3rdida, a democracia de compadres e criminosos instalados no poder de v\u00e1rias localidades n\u00e3o permitem que as oportunidades sejam iguais para todos, estando a gerar os etiquetados e os rotulados dessa nossa p\u00e9rfida sociedade. \u00c9 festa na floresta de pedra para uns poucos e desgra\u00e7a para a maioria. <\/span><span style=\"font-size: large;\"><o:p><\/o:p><\/span><\/div>\n<div style=\"color: #20124d; font-family: Times,&quot;Times New Roman&quot;,serif; line-height: normal; text-align: justify;\"><span style=\"font-size: large;\">&#8211; Com tudo o que j\u00e1 foi exposto, as causas ex\u00f3genas poder\u00e3o ser ampliadas ainda mais com a possibilidade de termos mais criminosos instalados no poder dito democr\u00e1tico. O vice-presidente do TRE do Rio de Janeiro, Alberto Motta Mores recentemente chegou a comentar que <\/span><span style=\"font-size: large;\"><i>\u201cs\u00f3 no estado do Rio, afirmou ele, h\u00e1 pelo menos 100 candidatos \u00e0s pr\u00f3ximas elei\u00e7\u00f5es que s\u00e3o acusados de homic\u00eddio, ou j\u00e1 foram condenados por ter matado algu\u00e9m\u201d<\/i><a href=\"http:\/\/www.blogger.com\/post-edit.g?blogID=1215898696525430552&amp;postID=5428141126218982833\" name=\"_ftnref19\"><\/a><i> <a href=\"http:\/\/www.blogger.com\/post-edit.g?blogID=1215898696525430552&amp;postID=5428141126218982833#_ftn19\" name=\"_ftnref19\" title=\"\"><span><span><span style=\"line-height: 115%;\">[19]<\/span><\/span><\/span><\/a><\/i><\/span><span style=\"font-size: large;\">. E, em todo o Brasil, quantos criminosos estar\u00e3o pleiteando um cargo de prefeito ou vereador? O inacredit\u00e1vel \u00e9 que pessoas, bem instru\u00eddas, chegam a dizer, laconicamente e ironicamente, que isto \u00e9 salutar para a democracia. Salutar para quem? <\/span><span style=\"font-size: large;\"><o:p><\/o:p><\/span><\/div>\n<div style=\"color: #20124d; font-family: Times,&quot;Times New Roman&quot;,serif; line-height: normal; text-align: justify;\"><span style=\"font-size: large;\">&#8211; O povo sem acesso as fichas sujas desses candidatos e sem uma excelente educa\u00e7\u00e3o, com uma base s\u00f3lida em organiza\u00e7\u00e3o social e pol\u00edtica do Brasil, bem como uma educa\u00e7\u00e3o moral c\u00edvica aprofundada, n\u00e3o ter\u00e1 condi\u00e7\u00f5es de discernir entre os candidatos s\u00e9rios e honestos (poucos) e centenas de criminosos que est\u00e3o pleiteando cargos pol\u00edticos, al\u00e9m do mais, muitos do povo pobre e miser\u00e1vel, vendem o seu voto por algumas m\u00edseras moedas, como o ocorrido em Boa Vista, capital de Roraima<\/span><span style=\"font-size: large;\"><a href=\"http:\/\/www.blogger.com\/post-edit.g?blogID=1215898696525430552&amp;postID=5428141126218982833\" name=\"_ftnref20\"><\/a><a href=\"http:\/\/www.blogger.com\/post-edit.g?blogID=1215898696525430552&amp;postID=5428141126218982833#_ftn20\" name=\"_ftnref20\" title=\"\"><span><span><span style=\"line-height: 115%;\">[20]<\/span><\/span><\/span><\/a><\/span><span style=\"font-size: large;\">. N\u00e3o podemos nos esquecer de que temos (ex)governadores, (ex)senadores, (ex)deputados, (ex)prefeitos e (ex)vereadores sendo processado por diversos crimes em todo o Brasil. Sofrer\u00e3o algum tipo de puni\u00e7\u00e3o? A maioria escapar\u00e1 ilesa! \u00c9 a criminalidade se organizando, ampliando os seus tent\u00e1culos e amea\u00e7ando a pr\u00f3pria democracia, al\u00e9m de institucionalizar a corrup\u00e7\u00e3o desenfreada.<\/span><\/div>\n<div style=\"color: #20124d; font-family: Times,&quot;Times New Roman&quot;,serif; line-height: normal; text-align: justify;\"><span style=\"font-size: large;\"><br \/><\/span><\/div>\n<div style=\"color: #20124d; font-family: Times,&quot;Times New Roman&quot;,serif; line-height: normal; text-align: justify;\"><span style=\"font-size: large;\">MAIS ALGUNS FATORES CRIMIN\u00d3GENOS&nbsp;<\/span><\/div>\n<div style=\"color: #20124d; font-family: Times,&quot;Times New Roman&quot;,serif; line-height: normal; text-align: justify;\"><span style=\"font-size: large;\"><br \/><\/span><\/div>\n<div style=\"color: #20124d; font-family: Times,&quot;Times New Roman&quot;,serif; line-height: normal; text-align: justify;\"><span style=\"font-size: large;\">&#8211; As diversas causas sociais (ex\u00f3genas), mencionadas acima, ampliam a criminalidade de maneira imensur\u00e1vel e para somar a essas causas crimin\u00f3genas, temos ainda, as dezenas de desequil\u00edbrios fisiol\u00f3gicos que podem levar o indiv\u00edduo a delinq\u00fcir, muitas vezes de maneira dissimulada, como por exemplo, os ped\u00f3filos que levam a desgra\u00e7a a tantas crian\u00e7as. Entre essas causas (end\u00f3genas) citaremos apenas algumas das dezenas de dist\u00farbios cientificamente catalogados: <\/span><span style=\"font-size: large;\">a.<\/span><span style=\"font-size: large;\"> \u00e0s Pervers\u00f5es e Anormalidades Sexuais, como por exemplo, a necrofilia e a pedofilia; <\/span><span style=\"font-size: large;\">b.<\/span><span style=\"font-size: large;\"> os Paran\u00f3icos Ideol\u00f3gicos; <\/span><span style=\"font-size: large;\">c.<\/span><span style=\"font-size: large;\"> os Fan\u00e1ticos Religiosos, como por exemplo, os integrantes do Tribunal do Santo Of\u00edcio da Inquisi\u00e7\u00e3o<\/span><span style=\"font-size: large;\"><a href=\"http:\/\/www.blogger.com\/post-edit.g?blogID=1215898696525430552&amp;postID=5428141126218982833\" name=\"_ftnref21\"><\/a><a href=\"http:\/\/www.blogger.com\/post-edit.g?blogID=1215898696525430552&amp;postID=5428141126218982833#_ftn21\" name=\"_ftnref21\" title=\"\"><span><span><span style=\"line-height: 115%;\">[21]<\/span><\/span><\/span><\/a><\/span><span style=\"font-size: large;\"> (1231 \u2013 1821) que levou milhares de inocentes a serem torturados e queimados vivos em fogueiras, tudo em nome de Deus; <\/span><span style=\"font-size: large;\">c.<\/span><span style=\"font-size: large;\"> mais modernamente surgiram novos grupos de Fan\u00e1ticos Terroristas Religiosos que j\u00e1 levaram milhares \u00e0 morte (Torres g\u00eameas- EUA), novamente tudo em nome de Deus. Temos ainda pessoas acometidas de: <\/span><span style=\"font-size: large;\">a.<\/span><span style=\"font-size: large;\"> Paran\u00f3ia Persecut\u00f3ria; <\/span><span style=\"font-size: large;\">b.<\/span><span style=\"font-size: large;\"> o Man\u00edaco de Notoriedade; <\/span><span style=\"font-size: large;\">c.<\/span><span style=\"font-size: large;\"> o Deprimido; <\/span><span style=\"font-size: large;\">d.<\/span><span style=\"font-size: large;\"> o Explosivo; <\/span><span style=\"font-size: large;\">e.<\/span><span style=\"font-size: large;\"> o Ast\u00eanico; <\/span><span style=\"font-size: large;\">f.<\/span><span style=\"font-size: large;\"> a Neurose de Guerra; <\/span><span style=\"font-size: large;\">g.<\/span><span style=\"font-size: large;\"> a Neurose Traum\u00e1tica; <\/span><span style=\"font-size: large;\">h.<\/span><span style=\"font-size: large;\"> a Histeria; <\/span><span style=\"font-size: large;\">i.<\/span><span style=\"font-size: large;\"> a Neurastemia etc. <\/span><span style=\"font-size: large;\"><o:p><\/o:p><\/span><\/div>\n<div style=\"color: #20124d; font-family: Times,&quot;Times New Roman&quot;,serif; line-height: normal; text-align: justify;\"><span style=\"font-size: large;\">&#8211; A lista dos fatores end\u00f3genos apresenta centenas de psicopatias e os poucos exemplos acima servem apenas para chamar a aten\u00e7\u00e3o de que as a\u00e7\u00f5es criminosas jamais poderiam ser um produto da livre vontade do individuo, como querem os aguerridos defensores do livre-arbitrismo do Direito Penal.<\/span><span style=\"font-size: large;\"><o:p><\/o:p><\/span><\/div>\n<div style=\"color: #20124d; font-family: Times,&quot;Times New Roman&quot;,serif; line-height: normal; text-align: justify;\"><span style=\"font-size: large;\">&#8211; Uma perguntinha: Quantos chefes de na\u00e7\u00f5es j\u00e1 estiveram ou est\u00e3o sob algum influxo end\u00f3geno ou ex\u00f3geno? Basta ver o comportamento de alguns chefes de Estado no passado (Alemanha\/China\/URSS\/EUA etc.) e o que alguns l\u00edderes da atualidade est\u00e3o fazendo na \u00c1frica, \u00c1sia, \u00c1merica do Sul e Oriente M\u00e9dio. E como ser\u00e1 a situa\u00e7\u00e3o no Brasil? Algu\u00e9m com transtornos mentais pode ser eleito sem o menor percal\u00e7o, pois nenhuma cobran\u00e7a lhe ser\u00e1 feita. Quem almeja um emprego p\u00fablico ter\u00e1 que provar a sua sanidade mental antes de assumir o cargo.<\/span><span style=\"font-size: large;\"><o:p><\/o:p><\/span><\/div>\n<div style=\"color: #20124d; font-family: Times,&quot;Times New Roman&quot;,serif; line-height: normal; text-align: justify;\"><span style=\"font-size: large;\">&#8211; Por esse caminho, dos fatores end\u00f3genos, \u00e9 s\u00e1bio, conveniente e salutar, observar que alguns medicamentos podem produzir efeitos colaterais, os quais podem induzir o individuo a cometer atos criminosos como, por exemplo, desenvolver a cleptomania. Experimente ler na bula os detalhes sobre efeitos colaterais. Voc\u00ea poder\u00e1 ter surpresas. Exemplo: o medicamento Dexador da Ativus Farmac\u00eautica Ltda. poder\u00e1 produzir um estado de perturba\u00e7\u00e3o do comportamento, como nervosismo, ins\u00f4nia e psicose man\u00edaca depressiva. Poucos m\u00e9dicos bem formados alertam sobre os efeitos colaterais. Portanto, cuidado com o seu m\u00e9dico e sempre leia a bula.&nbsp;<\/span><\/div>\n<div style=\"color: #20124d; font-family: Times,&quot;Times New Roman&quot;,serif; line-height: normal; text-align: justify;\"><span style=\"font-size: large;\"><br \/><\/span><\/div>\n<div style=\"color: #20124d; font-family: Times,&quot;Times New Roman&quot;,serif; line-height: normal; text-align: justify;\"><span style=\"font-size: large;\">SOLU\u00c7\u00d5ES PARA UMA SOCIEDADE MELHOR OU APENAS UTOPIA<\/span><\/div>\n<div style=\"color: #20124d; font-family: Times,&quot;Times New Roman&quot;,serif; line-height: normal; text-align: justify;\"><span style=\"font-size: large;\"><br \/><\/span><\/div>\n<div style=\"color: #20124d; font-family: Times,&quot;Times New Roman&quot;,serif; line-height: normal; text-align: justify;\"><span style=\"font-size: large;\">&#8211; Apesar de tudo, ainda temos sa\u00edda para transformar a sociedade crimin\u00f3gena em algo melhor?<\/span><span style=\"font-size: large;\"><o:p><\/o:p><\/span><\/div>\n<div style=\"color: #20124d; font-family: Times,&quot;Times New Roman&quot;,serif; line-height: normal; text-align: justify;\"><span style=\"font-size: large;\">&#8211; A reforma pol\u00edtica \u00e9 essencial, pois assim como est\u00e1 n\u00e3o haver\u00e1 mudan\u00e7as e a viol\u00eancia ser\u00e1 ampliada. Os ilusionistas de plant\u00e3o, os bandoleiros, os homicidas, os corruptos, os ped\u00f3filos, os vendilh\u00f5es da p\u00e1tria etc., fazem parte da atual seara pol\u00edtica mals\u00e3, estando a contaminar as tr\u00eas esferas governamentais e a pr\u00f3pria Rep\u00fablica. Somente uma mudan\u00e7a dr\u00e1stica colocaria um ponto final nessa festa de \u201carromba\u201d dos compadres poderosos e perigosos que se escondem por de tr\u00e1s das coliga\u00e7\u00f5es pol\u00edticas e que se revezam a cada pleito com utiliza\u00e7\u00e3o de urnas eletr\u00f4nicas pass\u00edveis de fraude<\/span><span style=\"font-size: large;\"><a href=\"http:\/\/www.blogger.com\/post-edit.g?blogID=1215898696525430552&amp;postID=5428141126218982833\" name=\"_ftnref22\"><\/a><a href=\"http:\/\/www.blogger.com\/post-edit.g?blogID=1215898696525430552&amp;postID=5428141126218982833#_ftn22\" name=\"_ftnref22\" title=\"\"><span><span><span style=\"line-height: 115%;\">[22]<\/span><\/span><\/span><\/a><\/span><span style=\"font-size: large;\">. <\/span><span style=\"font-size: large;\"><o:p><\/o:p><\/span><\/div>\n<div style=\"color: #20124d; font-family: Times,&quot;Times New Roman&quot;,serif; line-height: normal; text-align: justify;\"><span style=\"font-size: large;\">&#8211; Se a ut\u00f3pica reforma pol\u00edtica chegasse a se concretizar teria que ocorrer mudan\u00e7as no Direito Penal brasileiro que \u00e9 livre-arbitrista, ou seja, n\u00e3o se preocupa com influxos ex\u00f3genos e end\u00f3genos. Para esse direito penal, o indiv\u00edduo se torna criminoso por sua livre vontade, e, portanto, combate apenas os efeitos crimin\u00f3genos com puni\u00e7\u00f5es que n\u00e3o atingem a ressocializa\u00e7\u00e3o correta. Essa vis\u00e3o penal err\u00f4nea e secular teria que mudar, pois, na realidade, est\u00e1 apenas a realimentar a criminalidade. <\/span><span style=\"font-size: large;\"><o:p><\/o:p><\/span><\/div>\n<div style=\"color: #20124d; font-family: Times,&quot;Times New Roman&quot;,serif; line-height: normal; text-align: justify;\"><span style=\"font-size: large;\">&#8211; Se ocorressem mudan\u00e7as saneadoras no ordenamento jur\u00eddico voltada realmente para as causas crimin\u00f3genas, uma medida social por parte dos governantes seria cruciante: para alguns cientistas sociais as cidades precisariam diminuir urgentemente o contingente populacional atrav\u00e9s de um plano social governamental realmente voltado para o povo. Milhares deveriam de retornar para a \u00e1rea rural para trabalhar em pequenas propriedades com apoio tecnol\u00f3gico baseado em uma racionalidade ambiental e uma produ\u00e7\u00e3o diversificada. Muitos aspectos positivos poderiam ser retirados dos belos exemplos oferecidos por Israel atrav\u00e9s dos Kibtuz, dos Moshav e dos Ishuv Kehilati<\/span><span style=\"font-size: large;\"><a href=\"http:\/\/www.blogger.com\/post-edit.g?blogID=1215898696525430552&amp;postID=5428141126218982833#_ftn23\" name=\"_ftnref23\" title=\"\"><span><span><span style=\"line-height: 115%;\">[23]<\/span><\/span><\/span><\/a><\/span><span style=\"font-size: large;\"> <a href=\"http:\/\/www.blogger.com\/post-edit.g?blogID=1215898696525430552&amp;postID=5428141126218982833\" name=\"_ftnref23\"><\/a>para um modelo auto-sustent\u00e1vel, apoiados na agroecologia<\/span><span style=\"font-size: large;\"><a href=\"http:\/\/www.blogger.com\/post-edit.g?blogID=1215898696525430552&amp;postID=5428141126218982833\" name=\"_ftnref24\"><\/a><a href=\"http:\/\/www.blogger.com\/post-edit.g?blogID=1215898696525430552&amp;postID=5428141126218982833#_ftn24\" name=\"_ftnref24\" title=\"\"><span><span><span style=\"line-height: 115%;\">[24]<\/span><\/span><\/span><\/a> <\/span><span style=\"font-size: large;\">e, por indu\u00e7\u00e3o, respeito \u00e0 biodiversidade, evitando-se a monocultura e transg\u00eanicos, comprovadamente, nocivos a flora e a fauna. Uma reforma agr\u00e1ria justa evitaria que milhares de hectares fiquem nas m\u00e3os de latifundi\u00e1rios, de estrangeiros, de igrejas e de bancos, cujo objetivo \u00e9 apenas o lucro exacerbado, n\u00e3o importando os meios.<\/span><span style=\"font-size: large;\"><o:p><\/o:p><\/span><\/div>\n<div style=\"color: #20124d; font-family: Times,&quot;Times New Roman&quot;,serif; line-height: normal; text-align: justify;\"><span style=\"font-size: large;\">&#8211; Um outro fator para mudan\u00e7as nos grupos mais miser\u00e1veis da sociedade est\u00e1 relacionado com a educa\u00e7\u00e3o que \u00e9 uma das piores do mundo. H\u00e1 a necessidade de que ocorra a erradica\u00e7\u00e3o de mais de 14.000.000 de analfabetos<\/span><span style=\"font-size: large;\"><a href=\"http:\/\/www.blogger.com\/post-edit.g?blogID=1215898696525430552&amp;postID=5428141126218982833\" name=\"_ftnref25\"><\/a><a href=\"http:\/\/www.blogger.com\/post-edit.g?blogID=1215898696525430552&amp;postID=5428141126218982833#_ftn25\" name=\"_ftnref25\" title=\"\"><span><span><span style=\"line-height: 115%;\">[25]<\/span><\/span><\/span><\/a><\/span><span style=\"font-size: large;\">, a erradica\u00e7\u00e3o dos milhares de analfabetos funcionais que terminam o ensino fundamental e Ensino M\u00e9dio mal sabendo ler e escrever e, obviamente, sem ter um senso cr\u00edtico desenvolvido, o qual seria vital para amainar a criminalidade. Al\u00e9m do mais esse grupo social n\u00e3o est\u00e1 preparado para ser inserido no mercado de trabalho altamente meritocr\u00e1tico e tecnol\u00f3gico, mesmo quando alguns conseguem concluir o ensino superior em algumas institui\u00e7\u00f5es de qualidade duvidosa que os aceitam nessas condi\u00e7\u00f5es.<\/span><span style=\"font-size: large;\"><o:p><\/o:p><\/span><\/div>\n<div style=\"color: #20124d; font-family: Times,&quot;Times New Roman&quot;,serif; line-height: normal; text-align: justify;\"><span style=\"font-size: large;\">&#8211; Veja que para Gordan MOORE, antevisando problemas graves no futuro, diz: \u201c<\/span><span style=\"font-size: large;\"><i>O que me preocupa \u00e9 que s\u00f3 pessoas com uma \u00f3tima educa\u00e7\u00e3o conseguir\u00e3o bons empregos em um mundo t\u00e3o evolu\u00eddo\u201d<\/i><i> <a href=\"http:\/\/www.blogger.com\/post-edit.g?blogID=1215898696525430552&amp;postID=5428141126218982833#_ftn26\" name=\"_ftnref26\" title=\"\"><span><span><span style=\"line-height: 115%;\">[26]<\/span><\/span><\/span><\/a><\/i><i>.<\/i><a href=\"http:\/\/www.blogger.com\/post-edit.g?blogID=1215898696525430552&amp;postID=5428141126218982833\" name=\"_ftnref26\"><\/a><\/span><span style=\"font-size: large;\"> O que fazer com os exclu\u00eddos? Campo de concentra\u00e7\u00f5es privados para a seguran\u00e7a dos inclu\u00eddos?<\/span><span style=\"font-size: large;\"><o:p><\/o:p><\/span><\/div>\n<div style=\"color: #20124d; font-family: Times,&quot;Times New Roman&quot;,serif; line-height: normal; text-align: justify;\"><span style=\"font-size: large;\">&#8211; Infelizmente esse povo, esquecido pelo Estado e pela sociedade individualista dos inclu\u00eddos n\u00e3o passam de presas f\u00e1ceis, uma esp\u00e9cie de \u201cboiada mansa\u201d, para direcionar votos aos pol\u00edticos maquiav\u00e9licos deserdados de honra e dignidade.<\/span><span style=\"font-size: large;\"><o:p><\/o:p><\/span><\/div>\n<div style=\"color: #20124d; font-family: Times,&quot;Times New Roman&quot;,serif; line-height: normal; text-align: justify;\"><span style=\"font-size: large;\">&#8211; Essa situa\u00e7\u00e3o paradoxal do analfabetismo e da invers\u00e3o de valores morais como causas da criminalidade pode ser bem expressa nas palavras do corifeu Rui BARBOSA:&nbsp;<\/span><\/div>\n<div style=\"color: #20124d; font-family: Times,&quot;Times New Roman&quot;,serif; line-height: normal; text-align: justify;\"><span style=\"font-size: large;\"><br \/><\/span><\/div>\n<div style=\"color: #20124d; font-family: Times,&quot;Times New Roman&quot;,serif; line-height: normal; margin: 0cm 0cm 0.0001pt 4cm; text-align: justify;\"><span style=\"font-size: large;\"><i>\u201cDe tanto ver triunfar as nulidades, de tanto ver crescer as injusti\u00e7as, de tanto ver o poder agigantar-se nas m\u00e3os dos maus, de tanto ver prosperar a desonra, de tanto ver a verdade vencida pela mentira, de tanto ver promessas n\u00e3o cumpridas, de tanto ver o povo subjugado e maltratado, o homem chega a desanimar-se das virtudes, e a rir-se da honra, e a ter vergonha de ser honesto\u201d<\/i><i> <a href=\"http:\/\/www.blogger.com\/post-edit.g?blogID=1215898696525430552&amp;postID=5428141126218982833#_ftn27\" name=\"_ftnref27\" title=\"\"><span><span><span style=\"line-height: 115%;\">[27]<\/span><\/span><\/span><\/a><\/i><i>.<\/i><\/span><\/div>\n<div style=\"color: #20124d; font-family: Times,&quot;Times New Roman&quot;,serif; line-height: normal; margin: 0cm 0cm 0.0001pt 4cm; text-align: justify;\"><span style=\"font-size: large;\"><br \/><\/span><\/div>\n<div style=\"color: #20124d; font-family: Times,&quot;Times New Roman&quot;,serif; line-height: normal; text-align: justify;\"><span style=\"font-size: large;\">&#8211; Dando continuidade \u00e0 seq\u00fc\u00eancia salvacionista quase que ilus\u00f3ria ou ut\u00f3pica, seria necess\u00e1ria ainda a cria\u00e7\u00e3o de um sistema educacional de cunho transdisciplinar, de tempo integral, para que se adquira a luz da cidadania, a luz do saber, a luz do humanismo<\/span><span style=\"font-size: large;\"><a href=\"http:\/\/www.blogger.com\/post-edit.g?blogID=1215898696525430552&amp;postID=5428141126218982833\" name=\"_ftnref28\"><\/a><a href=\"http:\/\/www.blogger.com\/post-edit.g?blogID=1215898696525430552&amp;postID=5428141126218982833#_ftn28\" name=\"_ftnref28\" title=\"\"><span><span><span style=\"line-height: 115%;\">[28]<\/span><\/span><\/span><\/a><\/span><span style=\"font-size: large;\">, para que se tenha a consci\u00eancia de que tudo no universo est\u00e1 interligado ao Todo. Para Jo\u00e3o Viegas FERNANDES, a educa\u00e7\u00e3o atual baseia-se na <\/span><span style=\"font-size: large;\"><i>\u201cfragmenta\u00e7\u00e3o e compartimenta\u00e7\u00e3o do conhecimento por disciplinas n\u00e3o permite a compreens\u00e3o da complexidade da natureza nem da sociedade\u201d<\/i> <a href=\"http:\/\/www.blogger.com\/post-edit.g?blogID=1215898696525430552&amp;postID=5428141126218982833#_ftn29\" name=\"_ftnref29\" title=\"\"><span><span><span style=\"line-height: 115%;\">[29]<\/span><\/span><\/span><\/a><\/span><span style=\"font-size: large;\">.<\/span><span style=\"font-size: large;\"><a href=\"http:\/\/www.blogger.com\/post-edit.g?blogID=1215898696525430552&amp;postID=5428141126218982833\" name=\"_ftnref29\"><\/a> <\/span><span style=\"font-size: large;\"><o:p><\/o:p><\/span><\/div>\n<div style=\"color: #20124d; font-family: Times,&quot;Times New Roman&quot;,serif; line-height: normal; text-align: justify;\"><span style=\"font-size: large;\">&#8211; Uma educa\u00e7\u00e3o baseada em princ\u00edpios transdisciplinares<\/span><span style=\"font-size: large;\"><a href=\"http:\/\/www.blogger.com\/post-edit.g?blogID=1215898696525430552&amp;postID=5428141126218982833\" name=\"_ftnref30\"><\/a><a href=\"http:\/\/www.blogger.com\/post-edit.g?blogID=1215898696525430552&amp;postID=5428141126218982833#_ftn30\" name=\"_ftnref30\" title=\"\"><span><span><span style=\"line-height: 115%;\">[30]<\/span><\/span><\/span><\/a><\/span><span style=\"font-size: large;\">, acimentada na educa\u00e7\u00e3o familiar correta, as trevas da ignor\u00e2ncia seriam afastadas, a marginaliza\u00e7\u00e3o e o crime entrariam em decl\u00ednio e com um percentual alt\u00edssimo. Cidad\u00e3os assim formados, dentro dos princ\u00edpios de um novo humanismo e princ\u00edpios holistas, teriam condi\u00e7\u00f5es de criar um C\u00f3digo Preventivo Penal voltado para as causas crimin\u00f3genas (ex\u00f3genas e end\u00f3genas), pois debelada estas, o efeito deixa de existir. Pol\u00edticos hip\u00f3critas que v\u00eaem apenas as causas criminais e se aproveitam delas, a exemplo daqueles que queriam construir muros segregacionistas, isolando favelas, ensejando uma indu\u00e7\u00e3o a um apartheid social e econ\u00f4mico, deixariam de existir na pol\u00edtica brasileira.<\/span><span style=\"font-size: large;\"><o:p><\/o:p><\/span><\/div>\n<div style=\"color: #20124d; font-family: Times,&quot;Times New Roman&quot;,serif; line-height: normal; text-align: justify;\"><span style=\"font-size: large;\">&#8211; \u00c9 interessante frisar que na vis\u00e3o de pensadores marxistas o delinq\u00fcente seria um produto da sociedade capitalista, portanto apenas uma v\u00edtima. A alternativa para a diminui\u00e7\u00e3o da criminalidade teria que partir da revis\u00e3o dos valores capitalistas pela sociedade. A obra de Antonio MOLINA complementa: <\/span><span style=\"font-size: large;\"><i>\u201cquem, desse modo, tem de se ressocializar, n\u00e3o \u00e9 o condenado, mas a pr\u00f3pria sociedade\u201d<\/i><a href=\"http:\/\/www.blogger.com\/post-edit.g?blogID=1215898696525430552&amp;postID=5428141126218982833\" name=\"_ftnref31\"><\/a><i> <a href=\"http:\/\/www.blogger.com\/post-edit.g?blogID=1215898696525430552&amp;postID=5428141126218982833#_ftn31\" name=\"_ftnref31\" title=\"\"><span><span><span style=\"line-height: 115%;\">[31]<\/span><\/span><\/span><\/a><\/i><i>.<\/i><\/span><span style=\"font-size: large;\"> <\/span><span style=\"font-size: large;\"><o:p><\/o:p><\/span><\/div>\n<div style=\"color: #20124d; font-family: Times,&quot;Times New Roman&quot;,serif; line-height: normal; text-align: justify;\"><span style=\"font-size: large;\">&#8211; Enfim corrigida as causas crimin\u00f3genas hist\u00f3ricas mais comuns (S\u00f3cio-familiares, S\u00f3cio-econ\u00f4micas, S\u00f3cio-\u00e9tico-pedag\u00f3gicos, S\u00f3cio-ambiental), e, infelizmente, somente a longo prazo, a popula\u00e7\u00e3o carcer\u00e1ria iria diminuir substancialmente. A criminalidade e a seguran\u00e7a iriam retornar a patamares aceit\u00e1veis nas cidades. Os crimes seriam apreciados sob a luz das causas end\u00f3genas e ex\u00f3genas. A partir desse enfoque seriam aplicadas medidas de ressocializa\u00e7\u00e3o, adequadas a cada caso, e sob um severo controle tecnol\u00f3gico pelo Estado.<\/span><span style=\"font-size: large;\"><o:p><\/o:p><\/span><\/div>\n<div style=\"color: #20124d; font-family: Times,&quot;Times New Roman&quot;,serif; line-height: normal; text-align: justify;\"><span style=\"font-size: large;\">&#8211; O Estado, por sua vez, manteria uma economia aberta, por\u00e9m com oportunidades de ascens\u00e3o social igual para todos e n\u00e3o apenas para uma minoria de privilegiados. <u>Veja que estamos falando de um Estado voltado para os princ\u00edpios humanistas<\/u><\/span><span style=\"font-size: large;\"><a href=\"http:\/\/www.blogger.com\/post-edit.g?blogID=1215898696525430552&amp;postID=5428141126218982833\" name=\"_ftnref32\"><\/a><a href=\"http:\/\/www.blogger.com\/post-edit.g?blogID=1215898696525430552&amp;postID=5428141126218982833#_ftn32\" name=\"_ftnref32\" title=\"\"><span><u><span><u><span style=\"line-height: 115%;\">[32]<\/span><\/u><\/span><\/u><\/span><\/a><u> e holistas e n\u00e3o do atual Estado, minado pelo v\u00edrus da corrup\u00e7\u00e3o, que dividiu a Na\u00e7\u00e3o em poucos inclu\u00eddos e a maioria em exclu\u00eddos, obviamente todos rotulados ou etiquetados e com um p\u00e9ssimo sistema educacional com reflexos diretos na economia, nas comunidades sociais pobres e na ascens\u00e3o da criminalidade organizada.<\/u><\/span><span style=\"font-size: large;\"><o:p><\/o:p><\/span><\/div>\n<div style=\"color: #20124d; font-family: Times,&quot;Times New Roman&quot;,serif; line-height: normal; text-align: justify;\"><span style=\"font-size: large;\"><u>&#8211; \u00c9 interessante observar que essa minoria elitizada combate os efeitos criminosos com medidas cada vez mais repressivas, com um absoluto desprezo pelos direitos das pessoas pobres, presas e humilhadas, preferencialmente diante de algumas c\u00e2meras, esquecendo-se que esses efeitos crimin\u00f3genos foram produzidos pelo seu modelo de vida ego\u00edstico, predador e individualista.&nbsp;<\/u><\/span><\/div>\n<div style=\"color: #20124d; font-family: Times,&quot;Times New Roman&quot;,serif; line-height: normal; text-align: justify;\"><span style=\"font-size: large;\"><br \/><\/span><\/div>\n<div style=\"color: #20124d; font-family: Times,&quot;Times New Roman&quot;,serif; line-height: normal; text-align: justify;\"><span style=\"font-size: large;\">CONCLUS\u00c3O<\/span><\/div>\n<div style=\"color: #20124d; font-family: Times,&quot;Times New Roman&quot;,serif; line-height: normal; text-align: justify;\"><span style=\"font-size: large;\"><br \/><\/span><\/div>\n<div style=\"color: #20124d; font-family: Times,&quot;Times New Roman&quot;,serif; line-height: normal; text-align: justify;\"><span style=\"font-size: large;\">&#8211; A situa\u00e7\u00e3o de inseguran\u00e7a da sociedade, deixa transparecer a possibilidade de que possam existir outros objetivos maiores, os quais, insidiosamente, dominam os pol\u00edticos e a pr\u00f3pria sociedade de maneira muito sutil. Na pr\u00e1tica temos a amplia\u00e7\u00e3o da criminalidade, com seus fatores end\u00f3genos e ex\u00f3genos centrados apenas nos efeitos crimin\u00f3genos, utilizados como desculpas para ampliar o controle sobre as popula\u00e7\u00f5es marginalizadas, incluindo a classe m\u00e9dia, as quais s\u00e3o induzidas por propagandas midi\u00e1ticas e, por \u201c<\/span><span style=\"font-size: large;\"><i>slogans sem sentido<\/i><\/span><span style=\"font-size: large;\">\u201d<\/span><span style=\"font-size: large;\"><a href=\"http:\/\/www.blogger.com\/post-edit.g?blogID=1215898696525430552&amp;postID=5428141126218982833\" name=\"_ftnref33\"><\/a> <a href=\"http:\/\/www.blogger.com\/post-edit.g?blogID=1215898696525430552&amp;postID=5428141126218982833#_ftn33\" name=\"_ftnref33\" title=\"\"><span><span><span style=\"line-height: 115%;\">[33]<\/span><\/span><\/span><\/a><\/span><span style=\"font-size: large;\">, parafraseando uma frase de Noam CHONSKI. <\/span><span style=\"font-size: large;\"><o:p><\/o:p><\/span><\/div>\n<div style=\"color: #20124d; font-family: Times,&quot;Times New Roman&quot;,serif; line-height: normal; text-align: justify;\"><span style=\"font-size: large;\">&#8211; Essas propagandas e esses slogans fazem com que as comunidades marginalizadas e classe m\u00e9dia aceitem, placidamente, as novas formas de controle social que lhes ser\u00e3o impostas em m\u00e9dio prazo. Para manter essa, digamos, \u201cboiada assustada\u201d sob controle, os donos do poder (esquerda e direita) continuar\u00e3o as distraindo e as marginalizando com os campeonatos de futebol, com sexualismo desvairado da podrid\u00e3o das novelas indutivas de novos costumes delet\u00e9rios, com os filmes violentos, com carnavais anuais e fora de \u00e9poca, com os programas humor\u00edsticos, mantendo-as permanentemente assustadas com a criminalidade fora de controle, mantendo-as afastadas de v\u00e1rios problemas dom\u00e9sticos e principalmente pol\u00edticos. <\/span><span style=\"font-size: large;\"><o:p><\/o:p><\/span><\/div>\n<div style=\"color: #20124d; font-family: Times,&quot;Times New Roman&quot;,serif; line-height: normal; text-align: justify;\"><span style=\"font-size: large;\">&#8211; Enfim, as pe\u00e7as enxadr\u00edsticas est\u00e3o em movimento no grande tabuleiro da curta e cruel hist\u00f3ria brasileira. Vamos ver qual o lado que dar\u00e1 o cheque mate para o recome\u00e7o de mais um novo per\u00edodo hist\u00f3rico, o qual poder\u00e1 ser totalmente democr\u00e1tico (para todos e n\u00e3o para alguns), holista e humanizado ou poderemos ter o pior de todos os horrores com o surgimento de regimes de extrema direita policialesco ou algo de podre parecido, preferencialmente importado dos EUA ou da Europa. Nesse tabuleiro um dos lados j\u00e1 est\u00e1 em desequil\u00edbrio acentuado. <\/span><span style=\"font-size: large;\"><o:p><\/o:p><\/span><\/div>\n<div style=\"color: #20124d; font-weight: bold; line-height: normal; text-align: justify;\"><span style=\"font-family: &quot;times&quot; , &quot;times new roman&quot; , serif; font-size: large; font-weight: normal;\">&#8211; Quem conseguir sobreviver ao tr\u00e2nsito ca\u00f3tico, regado a \u00e1lcool<\/span><span style=\"font-family: &quot;times&quot; , &quot;times new roman&quot; , serif; font-size: large; font-weight: normal;\"><a href=\"http:\/\/www.blogger.com\/post-edit.g?blogID=1215898696525430552&amp;postID=5428141126218982833\" name=\"_ftnref34\"><\/a><a href=\"http:\/\/www.blogger.com\/post-edit.g?blogID=1215898696525430552&amp;postID=5428141126218982833#_ftn34\" name=\"_ftnref34\" title=\"\"><span><span><span style=\"line-height: 115%;\">[34]<\/span><\/span><\/span><\/a><\/span><span style=\"font-family: &quot;times&quot; , &quot;times new roman&quot; , serif; font-size: large; font-weight: normal;\"> e da dem\u00eancia das nossas grandes cidades, quem conseguir sobreviver \u00e0s a\u00e7\u00f5es crimin\u00f3genas das hordas de exclu\u00eddos e dos desmandos crimin\u00f3genos dos inclu\u00eddos, todos enriquecidos dentro das causas ex\u00f3genas e end\u00f3genas, ser\u00e1 a testemunha ocular de um novo regime em um futuro n\u00e3o muito distante, o qual poder\u00e1 causar espanto at\u00e9 mesmo ao famoso escritor George Orwell<\/span><span style=\"font-family: &quot;times&quot; , &quot;times new roman&quot; , serif; font-size: large; font-weight: normal;\"><a href=\"http:\/\/www.blogger.com\/post-edit.g?blogID=1215898696525430552&amp;postID=5428141126218982833\" name=\"_ftnref35\"><\/a><a href=\"http:\/\/www.blogger.com\/post-edit.g?blogID=1215898696525430552&amp;postID=5428141126218982833#_ftn35\" name=\"_ftnref35\" title=\"\"><span><span><span style=\"line-height: 115%;\">[35]<\/span><\/span><\/span><\/a><\/span><span style=\"font-family: &quot;times&quot; , &quot;times new roman&quot; , serif; font-size: large; font-weight: normal;\">.<\/span><o:p><\/o:p><\/div>\n<div><span style=\"font-size: 130%;\"><br \/><\/span>  <\/p>\n<hr align=\"left\" style=\"font-size: 78%; height: 4px;\" width=\"33%\" \/>\n<div>\n<div><span style=\"font-size: small;\"><a href=\"http:\/\/www.blogger.com\/post-edit.g?blogID=1215898696525430552&amp;postID=5428141126218982833#_ftnref1\" name=\"_ftn1\" title=\"\"><span><span><span style=\"line-height: 115%;\">[1]<\/span><\/span><\/span><\/a> Mensagem subliminar. <\/span><span style=\"font-size: small; font-style: italic; font-weight: bold;\">A arte da persuas\u00e3o inconsciente <\/span><span style=\"font-size: small;\"> <\/span><span style=\"font-size: small;\">&#8211; <\/span><span style=\"font-size: small;\"> <\/span><span style=\"font-size: small;\">Dispon\u00edvel em: &lt;<a href=\"http:\/\/www.mensagemsubliminar.com.br\/\">http:\/\/www.mensagemsubliminar.com.br<\/a>&gt;. Acesso em 07.09.2008. <\/span><span style=\"font-size: small;\"> <\/span><span style=\"font-size: small;\"> <\/span><\/div>\n<\/div>\n<div>\n<div><span style=\"font-size: small;\"><a href=\"http:\/\/www.blogger.com\/post-edit.g?blogID=1215898696525430552&amp;postID=5428141126218982833#_ftnref2\" name=\"_ftn2\" title=\"\"><span><span><span style=\"line-height: 115%;\">[2]<\/span><\/span><\/span><\/a> <\/span><span style=\"color: black; font-size: small;\">BECCARIA, Cesar.  <b><i>Dos delitos e das penas<\/i><\/b>. Biblioteca cl\u00e1ssica, v. XXII, 6. ed., S\u00e3o Paulo: Atena, 1959.<\/span><\/div>\n<\/div>\n<div>\n<div><span style=\"font-size: small;\"><a href=\"http:\/\/www.blogger.com\/post-edit.g?blogID=1215898696525430552&amp;postID=5428141126218982833#_ftnref3\" name=\"_ftn3\" title=\"\"><span><span><span style=\"line-height: 115%;\">[3]<\/span><\/span><\/span><\/a> Que prov\u00e9m do exterior.<\/span><\/div>\n<\/div>\n<div>\n<div><span style=\"font-size: small;\"><a href=\"http:\/\/www.blogger.com\/post-edit.g?blogID=1215898696525430552&amp;postID=5428141126218982833#_ftnref4\" name=\"_ftn4\" title=\"\"><span><span><span style=\"line-height: 115%;\">[4]<\/span><\/span><\/span><\/a> Que se origina no interior do organismo.<\/span><\/div>\n<\/div>\n<div>\n<div><span style=\"font-size: small;\"><a href=\"http:\/\/www.blogger.com\/post-edit.g?blogID=1215898696525430552&amp;postID=5428141126218982833#_ftnref5\" name=\"_ftn5\" title=\"\"><span><span><span style=\"line-height: 115%;\">[5]<\/span><\/span><\/span><\/a> BBC BRASIL. Com. <b>Brasil est\u00e1 entre &#8216;democracias imperfeitas&#8217;, diz Economist<\/b>. Dispon\u00edvel em: <\/span><span style=\"color: black; font-size: small;\">&lt;<\/span><span style=\"font-size: small;\"><a href=\"http:\/\/www.bbc.co.uk\/portuguese\/noticias\/story\/2006\/11\/061121_brasil_democracia_crg.shtml\"><span style=\"color: black;\">http:\/\/www.bbc.co.uk\/portuguese\/noticias\/story\/2006\/11\/061121_brasil_democracia_crg.shtml<\/span><\/a>&gt;. Acesso em: 03.10.2008. <\/span><\/div>\n<\/div>\n<div>\n<div style=\"text-align: justify;\"><span style=\"font-size: small;\"><a href=\"http:\/\/www.blogger.com\/post-edit.g?blogID=1215898696525430552&amp;postID=5428141126218982833#_ftnref6\" name=\"_ftn6\" title=\"\"><span><span><span style=\"line-height: 115%;\">[6]<\/span><\/span><\/span><\/a> Revista Veja. Edi\u00e7\u00e3o 2075, p. 75 de 27.08.2008.<\/span><\/div>\n<\/div>\n<div>\n<div style=\"text-align: justify;\"><span style=\"font-size: small;\"><a href=\"http:\/\/www.blogger.com\/post-edit.g?blogID=1215898696525430552&amp;postID=5428141126218982833#_ftnref7\" name=\"_ftn7\" title=\"\"><span><span><span style=\"line-height: 115%;\">[7]<\/span><\/span><\/span><\/a> \u201cCifras Negras\u201d s\u00e3o os dados da criminalidade n\u00e3o revelada por fatores diversos ou n\u00e3o elucidados pela Pol\u00edcia Judici\u00e1ria que refletem um grande percentual de casos.<\/span><\/div>\n<\/div>\n<div>\n<div><span style=\"font-size: small;\"><a href=\"http:\/\/www.blogger.com\/post-edit.g?blogID=1215898696525430552&amp;postID=5428141126218982833#_ftnref8\" name=\"_ftn8\" title=\"\"><span><span><span style=\"line-height: 115%;\">[8]<\/span><\/span><\/span><\/a> Secco, Alexandre. <b><span style=\"color: black;\">A Criminalidade no Brasil bate recorde, apavora a sociedade e os governantes n\u00e3o conseguem vencer os bandidos<\/span><\/b><b> \u2013 <\/b><\/span><span style=\"color: black; font-size: small;\">Dispon\u00edvel em<\/span><span style=\"font-size: small;\">:<b> <\/b>&lt;<\/span><span style=\"font-size: small;\">http:\/\/br.geocities.com\/policiamilitar_br\/crimbrasil.html&gt; Acesso em 24.09.2008.<\/span><\/div>\n<\/div>\n<div>\n<div style=\"text-align: justify;\"><span style=\"font-size: small;\"><a href=\"http:\/\/www.blogger.com\/post-edit.g?blogID=1215898696525430552&amp;postID=5428141126218982833#_ftnref9\" name=\"_ftn9\" title=\"\"><span><span><span style=\"line-height: 115%;\">[9]<\/span><\/span><\/span><\/a> <i>BARROSO<\/i><i>, <i>Gustavo<\/i><b>. <i>Brasil col\u00f4nia de banqueiros<\/i>. <\/b><\/i>2.Reed. Porto Alegre: Revis\u00e3o Editora, 1989.<\/span><\/div>\n<\/div>\n<div>\n<div><span style=\"font-size: small;\"><a href=\"http:\/\/www.blogger.com\/post-edit.g?blogID=1215898696525430552&amp;postID=5428141126218982833#_ftnref10\" name=\"_ftn10\" title=\"\"><span><span><span style=\"line-height: 115%;\">[10]<\/span><\/span><\/span><\/a> <b>Corrup\u00e7\u00e3o n\u00e3o diminui no Brasil, revela ONG. <\/b>Dispon\u00edvel em: <http: br=\"\" secao=\"secoes.php&amp;tipo=3&amp;sc=20&amp;id=19750\"> . Acesso em 05.09.2008. <\/http:><\/span><\/div>\n<\/div>\n<div>\n<div style=\"text-align: justify;\"><span style=\"font-size: small;\"><a href=\"http:\/\/www.blogger.com\/post-edit.g?blogID=1215898696525430552&amp;postID=5428141126218982833#_ftnref11\" name=\"_ftn11\" title=\"\"><span><span><span style=\"line-height: 115%;\">[11]<\/span><\/span><\/span><\/a> No momento em que a algemas eram usadas em criminosos integrantes da classe \u201cA\u201d a gritaria foi geral e o STF limitou o uso das algemas. Quando elas eram usadas nos criminosos das classes miser\u00e1veis n\u00e3o havia essa preocupa\u00e7\u00e3o exacerbada.<\/span><\/div>\n<\/div>\n<div>\n<div style=\"text-align: justify;\"><span style=\"font-size: small;\"><a href=\"http:\/\/www.blogger.com\/post-edit.g?blogID=1215898696525430552&amp;postID=5428141126218982833#_ftnref12\" name=\"_ftn12\" title=\"\"><span><span><span style=\"line-height: 115%;\">[12]<\/span><\/span><\/span><\/a> VELASQUEZ, Miguel G. \u2013 Promotor de Justi\u00e7a &#8211;<\/span><span style=\"font-size: small;\">  <\/span><span style=\"font-size: small;\"><b>Hecatombe X ECA<\/b> . <\/span><span style=\"color: black; font-size: small;\">Dispon\u00edvel em: <o:p><\/o:p><\/span><\/div>\n<div style=\"text-align: justify;\"><span style=\"color: black; font-size: small;\">&lt;<\/span><span style=\"font-size: small;\"> http:\/\/www.mp.rs.gov.br\/infancia\/doutrina\/id527.htm<\/span><span style=\"color: black; font-size: small;\"> &gt; Acesso em 22 set. 2008.<\/span><span style=\"font-size: small;\"><o:p><\/o:p><\/span><\/div>\n<\/div>\n<div>\n<div style=\"text-align: justify;\"><span style=\"font-size: small;\"><a href=\"http:\/\/www.blogger.com\/post-edit.g?blogID=1215898696525430552&amp;postID=5428141126218982833#_ftnref13\" name=\"_ftn13\" title=\"\"><span><span><span style=\"line-height: 115%;\">[13]<\/span><\/span><\/span><\/a> JUNIOR, Jo\u00e3o Farias. <b><i>Manual de Criminologia<\/i><\/b>. Curitiba: Juru\u00e1 2008. <\/span><\/div>\n<\/div>\n<div>\n<div><span style=\"font-size: small;\"><a href=\"http:\/\/www.blogger.com\/post-edit.g?blogID=1215898696525430552&amp;postID=5428141126218982833#_ftnref14\" name=\"_ftn14\" title=\"\"><span><span><span style=\"line-height: 115%;\">[14]<\/span><\/span><\/span><\/a> &#8211; JUNIOR, Jo\u00e3o Farias. <b><i>Manual de Criminologia<\/i>. <\/b>Curitiba: Juru\u00e1 2008.<\/span><\/div>\n<\/div>\n<div>\n<div style=\"text-align: justify;\"><span style=\"font-size: small;\"><a href=\"http:\/\/www.blogger.com\/post-edit.g?blogID=1215898696525430552&amp;postID=5428141126218982833#_ftnref15\" name=\"_ftn15\" title=\"\"><span><span><span style=\"line-height: 115%;\">[15]<\/span><\/span><\/span><\/a> A pena de morte n\u00e3o oficial j\u00e1 temos, ditada pelo poder paralelo das mil\u00edcias e narcotraficantes em algumas grandes cidades.<\/span><\/div>\n<\/div>\n<div>\n<div style=\"text-align: justify;\"><span style=\"font-size: small;\"><a href=\"http:\/\/www.blogger.com\/post-edit.g?blogID=1215898696525430552&amp;postID=5428141126218982833#_ftnref16\" name=\"_ftn16\" title=\"\"><span><span><span style=\"line-height: 115%;\">[16]<\/span><\/span><\/span><\/a> <i>WACQUANT, Loic \u2013 <b>Punir os Pobres &#8211; A nova gest\u00e3o da mis\u00e9ria nos Estados Unidos<\/b>, 2003, p 68<\/i><\/span><\/div>\n<\/div>\n<div>\n<div><span style=\"font-size: small;\"><a href=\"http:\/\/www.blogger.com\/post-edit.g?blogID=1215898696525430552&amp;postID=5428141126218982833#_ftnref17\" name=\"_ftn17\" title=\"\"><span><span><span style=\"line-height: 115%;\">[17]<\/span><\/span><\/span><\/a><\/span><span style=\"font-size: small;\"> Folha Online. Dispon\u00edvel em: <http: br=\"\" cotidiano=\"\" folha=\"\" shtml=\"\"><\/http:><\/span><span style=\"font-size: small;\">&gt;. Acesso em  15.09.2008.<\/span> <\/div>\n<\/div>\n<div>\n<div style=\"text-align: justify;\"><span style=\"font-size: small;\"><a href=\"http:\/\/www.blogger.com\/post-edit.g?blogID=1215898696525430552&amp;postID=5428141126218982833#_ftnref18\" name=\"_ftn18\" title=\"\"><span><span><span style=\"line-height: 115%;\">[18]<\/span><\/span><\/span><\/a> MIR, Luiz. <b><i>Guerra Civil: Estado de Trauma<\/i>.<\/b> S\u00e3o Paulo: Gera\u00e7\u00e3o Editorial, 2004.<\/span><\/div>\n<\/div>\n<div>\n<div style=\"text-align: justify;\"><span style=\"font-size: small;\"><a href=\"http:\/\/www.blogger.com\/post-edit.g?blogID=1215898696525430552&amp;postID=5428141126218982833#_ftnref19\" name=\"_ftn19\" title=\"\"><span><span><span style=\"line-height: 115%;\">[19]<\/span><\/span><\/span><\/a> Revista Veja \u2013 Edi\u00e7\u00e3o 2076, pg. 134, de 03\/10\/2008 <\/span><\/div>\n<\/div>\n<div>\n<div style=\"text-align: justify;\"><span style=\"font-size: small;\"><a href=\"http:\/\/www.blogger.com\/post-edit.g?blogID=1215898696525430552&amp;postID=5428141126218982833#_ftnref20\" name=\"_ftn20\" title=\"\"><span><span><span style=\"line-height: 115%;\">[20]<\/span><\/span><\/span><\/a> Folha de Boa Vista. Da reda\u00e7\u00e3o. <b>Moradores esperam amanhecer para vender votos no Conjunto Cidad\u00e3o<\/b>. Dispon\u00edvel em: &lt; <a href=\"http:\/\/www.folhabv.com.br\/noticia.php?Id=48066\"><span style=\"color: black;\">http:\/\/www.folhabv.com.br\/noticia.php?Id=48066<\/span><\/a>&gt; Acesso em 05.10.2008<\/span><\/div>\n<\/div>\n<div>\n<div style=\"text-align: justify;\"><span style=\"font-size: small;\"><a href=\"http:\/\/www.blogger.com\/post-edit.g?blogID=1215898696525430552&amp;postID=5428141126218982833#_ftnref21\" name=\"_ftn21\" title=\"\"><span><span><span style=\"line-height: 115%;\">[21]<\/span><\/span><\/span><\/a> &#8211; Na realidade a Santa Inquisi\u00e7\u00e3o n\u00e3o terminou, apenas mudou de nome para \u201cCongrega\u00e7\u00e3o para a Doutrina da F\u00e9\u201d e, por hora, aboliu a tortura dos hereges. O perigo do fanatismo continua vivo, pois o seu l\u00edder atual continua dizendo que a \u00fanica religi\u00e3o verdadeira \u00e9 a cat\u00f3lica e isto \u00e9 um mau pren\u00fancio. <\/span><\/div>\n<\/div>\n<div>\n<div style=\"text-align: justify;\"><span style=\"font-size: small;\"><a href=\"http:\/\/www.blogger.com\/post-edit.g?blogID=1215898696525430552&amp;postID=5428141126218982833#_ftnref22\" name=\"_ftn22\" title=\"\"><span><span><span style=\"line-height: 115%;\">[22]<\/span><\/span><\/span><\/a> P\u00e1gina do voto eletr\u00f4nico. <b><span style=\"color: black;\">O caso de Alagoas 2006.<\/span><\/b> Dispon\u00edvel em: &lt;<\/span><span style=\"font-size: small;\">http:\/\/www.brunazo.eng.br\/voto-e\/textos\/alagoas1.htm&gt;. Acesso em 15.09.2008. <\/span><\/div>\n<\/div>\n<div>\n<div style=\"text-align: justify;\"><span style=\"font-size: small;\"><a href=\"http:\/\/www.blogger.com\/post-edit.g?blogID=1215898696525430552&amp;postID=5428141126218982833#_ftnref23\" name=\"_ftn23\" title=\"\"><span><span><span style=\"line-height: 115%;\">[23]<\/span><\/span><\/span><\/a><\/span><span lang=\"EN-US\" style=\"font-size: small;\">  Israel Ministry  of Foreign Affairs. <\/span><span style=\"font-size: small;\"><b>Terra e o povo \u2013 Vida rural.<\/b> <\/span><span style=\"color: black; font-size: small;\">Dispon\u00edvel em: <\/span><span style=\"color: black; font-size: small;\"><o:p><\/o:p><\/span><\/div>\n<div style=\"text-align: justify;\"><span style=\"color: black; font-size: small;\">&lt;<\/span><span style=\"font-size: small;\">http:\/\/www.mfa.gov.il\/MFAPR\/Facts%20About%20Israel\/A%20TERRA%20E%20O%20POVO-%20Vida%20Rural<\/span><span style=\"color: black; font-size: small;\">&gt; Acesso em<\/span><span style=\"font-size: small;\">  <\/span><span style=\"font-size: small;\">23.09.2008.<\/span><\/div>\n<\/div>\n<div>\n<div style=\"text-align: justify;\"><span style=\"font-size: small;\"><a href=\"http:\/\/www.blogger.com\/post-edit.g?blogID=1215898696525430552&amp;postID=5428141126218982833#_ftnref24\" name=\"_ftn24\" title=\"\"><span><span><span style=\"line-height: 115%;\">[24]<\/span><\/span><\/span><\/a> Wikipedia. <b>Agroecologia.<\/b> Dispon\u00edvel em: <\/span><span style=\"color: black; font-size: small;\">&lt;<\/span><span style=\"font-size: small;\"> http:\/\/pt.wikipedia.org\/wiki\/Agroecologia<\/span><span style=\"color: black; font-size: small;\"> <\/span><span style=\"color: black; font-size: small;\">&gt; Acesso em<\/span><span style=\"font-size: small;\"> 20.09.2008. <\/span><\/div>\n<\/div>\n<div>\n<div style=\"text-align: justify;\"><span style=\"font-size: small;\"><a href=\"http:\/\/www.blogger.com\/post-edit.g?blogID=1215898696525430552&amp;postID=5428141126218982833#_ftnref25\" name=\"_ftn25\" title=\"\"><span><span><span style=\"line-height: 115%;\">[25]<\/span><\/span><\/span><\/a> Lobato, Vivian. <b>14,3 milh\u00f5es de brasileiros ainda s\u00e3o analfabetos absolutos<\/b>. <\/span><span style=\"color: black; font-size: small;\">Dispon\u00edvel em:<o:p><\/o:p><\/span><\/div>\n<div style=\"text-align: justify;\"><span style=\"color: black; font-size: small;\"> <\/span><span style=\"color: black; font-size: small;\">&lt;<\/span><span style=\"font-size: small;\"> http:\/\/aprendiz.uol.com.br\/content\/dreduclisl.mmp<\/span><span style=\"color: black; font-size: small;\"> <\/span><span style=\"color: black; font-size: small;\">&gt; Acesso em<\/span><span style=\"color: black; font-size: small;\"> 15.09.2008.<\/span> <\/div>\n<\/div>\n<div>\n<div style=\"text-align: justify;\"><span style=\"font-size: small;\"><a href=\"http:\/\/www.blogger.com\/post-edit.g?blogID=1215898696525430552&amp;postID=5428141126218982833#_ftnref26\" name=\"_ftn26\" title=\"\"><span><span><span style=\"line-height: 115%;\">[26]<\/span><\/span><\/span><\/a><\/span><span style=\"font-size: small;\">  <\/span><span style=\"font-size: small;\">Tecnologia &#8211; Veja Especial \u2013 <b>A lenda chamada Moore<\/b>. Ed. Veja 2.078, p. 87 \u2013 Setembro de 2008.<\/span><\/div>\n<\/div>\n<div>\n<div style=\"text-align: justify;\"><span style=\"font-size: small;\"><a href=\"http:\/\/www.blogger.com\/post-edit.g?blogID=1215898696525430552&amp;postID=5428141126218982833#_ftnref27\" name=\"_ftn27\" title=\"\"><span><span><span style=\"line-height: 115%;\">[27]<\/span><\/span><\/span><\/a> Senado Federal. <b>Obras completas de Rui Barbosa <\/b>&#8211; V. 41, t. 3, 1914. p. 86<\/span><\/div>\n<\/div>\n<div>\n<div style=\"text-align: justify;\"><span style=\"font-size: small;\"><a href=\"http:\/\/www.blogger.com\/post-edit.g?blogID=1215898696525430552&amp;postID=5428141126218982833#_ftnref28\" name=\"_ftn28\" title=\"\"><span><span><span style=\"line-height: 115%;\">[28]<\/span><\/span><\/span><\/a> Humanismo Secular Portugal. <b>Princ\u00edpios b\u00e1sicos do Humanismo Secular<\/b> &#8211; <\/span><span style=\"color: black; font-size: small;\">Dispon\u00edvel em: <o:p><\/o:p><\/span><\/div>\n<div style=\"text-align: justify;\"><span style=\"color: black; font-size: small;\">&lt;<\/span><span style=\"font-size: small;\"> http:\/\/portugal.humanists.net\/principios-humanismo-secular.html <\/span><span style=\"color: black; font-size: small;\">&gt; Acesso em<\/span><span style=\"color: black; font-size: small;\"> 10.09.2008.<\/span><\/div>\n<\/div>\n<div>\n<div style=\"text-align: justify;\"><span style=\"font-size: small;\"><a href=\"http:\/\/www.blogger.com\/post-edit.g?blogID=1215898696525430552&amp;postID=5428141126218982833#_ftnref29\" name=\"_ftn29\" title=\"\"><span><span><span style=\"line-height: 115%;\">[29]<\/span><\/span><\/span><\/a> &#8211; FERNANDES, Jo\u00e3o Viegas. <b>Paradigma da educa\u00e7\u00e3o da globalidade e da complexidade<\/b>. Lisboa:<\/span><span style=\"font-size: small;\">  <\/span><span style=\"font-size: small;\">Pl\u00e1tano, 2000.<\/span><\/div>\n<\/div>\n<div>\n<div style=\"text-align: justify;\"><span style=\"font-size: small;\"><a href=\"http:\/\/www.blogger.com\/post-edit.g?blogID=1215898696525430552&amp;postID=5428141126218982833#_ftnref30\" name=\"_ftn30\" title=\"\"><span><span><span style=\"line-height: 115%;\">[30]<\/span><\/span><\/span><\/a><\/span><span style=\"font-size: small;\">  <\/span><span style=\"font-size: small;\">Theophilo, Roque. &#8211;<b>Transdisciplinaridade e a modernidade<\/b> . <\/span><span style=\"color: black; font-size: small;\">Dispon\u00edvel em: <o:p><\/o:p><\/span><\/div>\n<div style=\"text-align: justify;\"><span style=\"color: black; font-size: small;\">&lt;<\/span><span style=\"font-size: small;\"> http:\/\/www.sociologia.org.br\/tex\/ap40.htm <\/span><span style=\"color: black; font-size: small;\">&gt; Acesso em<\/span><span style=\"color: black; font-size: small;\"> 10.09.2008.<\/span><\/div>\n<\/div>\n<div>\n<div style=\"text-align: justify;\"><span style=\"font-size: small;\"><a href=\"http:\/\/www.blogger.com\/post-edit.g?blogID=1215898696525430552&amp;postID=5428141126218982833#_ftnref31\" name=\"_ftn31\" title=\"\"><span><span><span style=\"line-height: 115%;\">[31]<\/span><\/span><\/span><\/a> MOLINA, Ant\u00f4nio Garcia Pablos. <b><i>Criminologia<\/i><\/b><i>. <\/i>S\u00e3o Paulo: Revista dos Tribunais, 2008.<\/span><\/div>\n<\/div>\n<div>\n<div style=\"text-align: justify;\"><span style=\"font-size: small;\"><a href=\"http:\/\/www.blogger.com\/post-edit.g?blogID=1215898696525430552&amp;postID=5428141126218982833#_ftnref32\" name=\"_ftn32\" title=\"\"><span><span><span style=\"line-height: 115%;\">[32]<\/span><\/span><\/span><\/a> Universo do Conhecimento. <b>Edgard Morin e o novo<\/b> <b>Humanismo<\/b>. <\/span><span style=\"color: black; font-size: small;\">Dispon\u00edvel em: <\/span><span style=\"color: black; font-size: small;\"><o:p><\/o:p><\/span><\/div>\n<div style=\"text-align: justify;\"><span style=\"color: black; font-size: small;\">&lt;<\/span><span style=\"font-size: small;\"> http:\/\/www.universodoconhecimento.com.br\/content\/view\/127\/57\/<\/span><span style=\"color: black; font-size: small;\">&gt; Acesso em<\/span><span style=\"color: black; font-size: small;\"> 07.09.2008.<\/span><\/div>\n<\/div>\n<div>\n<div><span style=\"font-size: small;\"><a href=\"http:\/\/www.blogger.com\/post-edit.g?blogID=1215898696525430552&amp;postID=5428141126218982833#_ftnref33\" name=\"_ftn33\" title=\"\"><span><span><span style=\"line-height: 115%;\">[33]<\/span><\/span><\/span><\/a> CHOMSKY, Noam. <b>Controle da m\u00eddia \u2013 Os espetaculares feitos da propaganda<\/b>. Rio de Janeiro: Graphia, 2003, pg. 25. <\/span><\/div>\n<\/div>\n<div>\n<div style=\"text-align: justify;\"><span style=\"font-size: small;\"><a href=\"http:\/\/www.blogger.com\/post-edit.g?blogID=1215898696525430552&amp;postID=5428141126218982833#_ftnref34\" name=\"_ftn34\" title=\"\"><span><span><span style=\"line-height: 115%;\">[34]<\/span><\/span><\/span><\/a> A recente promulga\u00e7\u00e3o da <\/span><span style=\"font-size: small;\">Lei n\u00ba 11.705, de 19 de junho de 2.008 prop\u00f5e \u201ctoler\u00e2ncia zero\u201d para quem estiver dirigindo embriagado. J\u00e1 houve a diminui\u00e7\u00e3o de mortes nas estradas, mas alguns inconformados argumentam a inconstitucionalidade da Lei. Espero que a preserva\u00e7\u00e3o da VIDA prevale\u00e7a, pois esta tamb\u00e9m \u00e9 uma garantia da CF\/88.  <\/span><\/div>\n<\/div>\n<div>\n<div style=\"text-align: justify;\"><span style=\"font-size: small;\"><a href=\"http:\/\/www.blogger.com\/post-edit.g?blogID=1215898696525430552&amp;postID=5428141126218982833#_ftnref35\" name=\"_ftn35\" title=\"\"><span><span><span style=\"line-height: 115%;\">[35]<\/span><\/span><\/span><\/a> <\/span><span style=\"font-size: small;\">Eric Arthur Blair <\/span><span style=\"font-size: small;\">(1903-1950) <\/span><span style=\"font-size: small;\">usava o pseud\u00f4nimo de<b> <\/b><\/span><span style=\"font-size: small;\">George Orwell, jornalista e escritor ingl\u00eas que publicou em 1949 o Best Seller <a href=\"http:\/\/pt.wikipedia.org\/wiki\/1984_%28livro%29\" title=\"1984 (livro)\"><i>Nineteen Eighty-Four<\/i><\/a> (1984) e em 1945<\/span><span style=\"font-size: small;\">  <\/span><span style=\"font-size: small;\"><a href=\"http:\/\/pt.wikipedia.org\/wiki\/Animal_Farm\" title=\"Animal Farm\"><i>Animal Farm<\/i><\/a> (A Revolu\u00e7\u00e3o dos Bichos).<\/span> <\/div>\n<\/div>\n<\/div>\n<\/div>\n<\/div>\n<\/div>\n","protected":false},"excerpt":{"rendered":"<p>&nbsp; &nbsp; &nbsp; &nbsp; &nbsp; &nbsp; &nbsp; &nbsp; &nbsp; &nbsp; &nbsp; &nbsp; &nbsp; &nbsp; &nbsp; &nbsp; &nbsp; &nbsp; &nbsp; &nbsp; &nbsp; &nbsp; &nbsp; &nbsp; &nbsp; &nbsp; &nbsp; &nbsp; &nbsp; &nbsp; &nbsp; &nbsp; &nbsp; &nbsp; &nbsp; &nbsp; &nbsp; J. VILSEMAR SILVA &hellip; <a href=\"https:\/\/vincit3.com.br\/index.php\/2008\/11\/04\/sociedade-criminogena-ii\/\">Continue lendo <span class=\"meta-nav\">&rarr;<\/span><\/a><\/p>\n","protected":false},"author":1,"featured_media":0,"comment_status":"open","ping_status":"open","sticky":false,"template":"","format":"standard","meta":{"footnotes":""},"categories":[880,882,881,878,81,879,787,883],"tags":[],"class_list":["post-225","post","type-post","status-publish","format-standard","hentry","category-beccaria","category-cidades","category-criminogena","category-endogenos","category-orwell","category-robotizacao","category-sociedade","category-utopia"],"_links":{"self":[{"href":"https:\/\/vincit3.com.br\/index.php\/wp-json\/wp\/v2\/posts\/225","targetHints":{"allow":["GET"]}}],"collection":[{"href":"https:\/\/vincit3.com.br\/index.php\/wp-json\/wp\/v2\/posts"}],"about":[{"href":"https:\/\/vincit3.com.br\/index.php\/wp-json\/wp\/v2\/types\/post"}],"author":[{"embeddable":true,"href":"https:\/\/vincit3.com.br\/index.php\/wp-json\/wp\/v2\/users\/1"}],"replies":[{"embeddable":true,"href":"https:\/\/vincit3.com.br\/index.php\/wp-json\/wp\/v2\/comments?post=225"}],"version-history":[{"count":0,"href":"https:\/\/vincit3.com.br\/index.php\/wp-json\/wp\/v2\/posts\/225\/revisions"}],"wp:attachment":[{"href":"https:\/\/vincit3.com.br\/index.php\/wp-json\/wp\/v2\/media?parent=225"}],"wp:term":[{"taxonomy":"category","embeddable":true,"href":"https:\/\/vincit3.com.br\/index.php\/wp-json\/wp\/v2\/categories?post=225"},{"taxonomy":"post_tag","embeddable":true,"href":"https:\/\/vincit3.com.br\/index.php\/wp-json\/wp\/v2\/tags?post=225"}],"curies":[{"name":"wp","href":"https:\/\/api.w.org\/{rel}","templated":true}]}}