{"id":221,"date":"2009-01-01T16:19:00","date_gmt":"2009-01-01T16:19:00","guid":{"rendered":"https:\/\/vincit3.com.br\/index.php\/2009\/01\/01\/o-calendario-gregoriano-e-falho\/"},"modified":"2009-01-01T16:19:00","modified_gmt":"2009-01-01T16:19:00","slug":"o-calendario-gregoriano-e-falho","status":"publish","type":"post","link":"https:\/\/vincit3.com.br\/index.php\/2009\/01\/01\/o-calendario-gregoriano-e-falho\/","title":{"rendered":"O CALEND\u00c1RIO GREGORIANO \u00c9 FALHO?"},"content":{"rendered":"<div style=\"font-family: arial; font-weight: bold; text-align: justify;\"><span style=\"font-size: 100%;\"><span style=\"line-height: 115%;\">&#8211; O atual sistema de marca\u00e7\u00e3o de tempo tem a sua origem na Babil\u00f4nia. O antigo Imp\u00e9rio Romano utilizou-se desse calend\u00e1rio, fazendo diversas modifica\u00e7\u00f5es duvidosas, as quais serviram aos interesses pol\u00edticos de Roma.<o:p><\/o:p><\/span><\/span><\/div>\n<div style=\"font-family: arial; font-weight: bold; text-align: justify;\"><span style=\"font-size: 100%;\"><span style=\"line-height: 115%;\">&#8211; Coube ao Papa Greg\u00f3rio XIII, em 1512 d.C, colocar ordem em v\u00e1rios pontos obscuros e depois de uma s\u00e9rie de Conc\u00edlios e estudos de pouca fundamenta\u00e7\u00e3o, criaram paradigmas e datas fantasiosas. Dessa maneira nos foi legado um calend\u00e1rio repleto de falhas, o qual \u00e9 utilizado pela maioria dos pa\u00edses ocidentais.<o:p><\/o:p><\/span><\/span><\/div>\n<div style=\"font-family: arial; font-weight: bold; text-align: justify;\"><span style=\"font-size: 100%;\"><span style=\"line-height: 115%;\">&#8211; Com novas descobertas cient\u00edficas, agora sem persegui\u00e7\u00f5es religiosas e pol\u00edticas, o calend\u00e1rio Gregoriano passou a ser questionado. Cientistas, arque\u00f3logos e historiadores descobriram que ele apresenta falhas substanciais quanto ao aspecto astron\u00f4mico e no seu aspecto pr\u00e1tico, como o ciclo irregular de 28 dias, 30 dias e 31 dias. Talvez a falha mais importante seria o de n\u00e3o se coadunar com os ciclos energ\u00e9ticos naturais solar, lunar e da Terra.<o:p><\/o:p><\/span><\/span><\/div>\n<div style=\"font-family: arial; font-weight: bold; text-align: justify;\"><span style=\"font-size: 100%;\"><span style=\"line-height: 115%;\">&#8211; Por esse vi\u00e9s, muitos cientistas e estudiosos, al\u00e9m de organiza\u00e7\u00f5es internacionais come\u00e7aram, paulatinamente, a propor uma nova reforma no sistema de marca\u00e7\u00e3o de tempo, inclusive junta a ONU, j\u00e1 que o calend\u00e1rio Gregoriano, com as novas (re)descobertas, representa, para alguns estudiosos, uma forma arbitr\u00e1ria, artificial e materialista imposta em um per\u00edodo ditatorial e inquisitorial da Igreja Cat\u00f3lica Apost\u00f3lica Romana.<o:p><\/o:p><\/span><\/span><\/div>\n<div style=\"font-family: arial; font-weight: bold; text-align: justify;\"><span style=\"font-size: 100%;\"><span style=\"line-height: 115%;\">&#8211; O calend\u00e1rio que est\u00e1 sendo proposto era utilizado pelo povo Maya (550 a.C \u2013 850 d.C) e de acordo com as pesquisas, este sim representa, matematicamente, os ciclos vibracionais solares, lunares e terrenos.<o:p><\/o:p><\/span><\/span><\/div>\n<div style=\"font-family: arial; font-weight: bold; text-align: justify;\"><span style=\"font-size: 100%;\"><span style=\"line-height: 115%;\">&#8211; A reforma, a longo prazo, ir\u00e1 ocorrer, pois os paradigmas, antes tidos como p\u00e9treos, n\u00e3o resistem \u00e0 luz da ci\u00eancia que procura sempre evoluir e nunca estagnar. <o:p><\/o:p><\/span><\/span><\/div>\n<div style=\"font-family: arial; font-weight: bold; text-align: justify;\"><span style=\"font-size: 100%;\"><span style=\"line-height: 115%;\">&#8211; Com esse novo calend\u00e1rio, a marca\u00e7\u00e3o de tempo ser\u00e1 baseada em um fluxo energ\u00e9tico natural, muito diferente do calend\u00e1rio Gregoriano, oriundo da Babil\u00f4nia e adotado por Roma (Da\u00ed a C\u00e9sar o que \u00e9 de Cesar), o qual n\u00e3o segue os ciclos vibracionais energ\u00e9ticos naturais do planeta, al\u00e9m de manter o povo preso a um calend\u00e1rio puramente materialista.<o:p><\/o:p><\/span><\/span><\/div>\n<div style=\"font-family: arial; text-align: justify;\"><span style=\"font-size: 100%;\"><span style=\"line-height: 115%;\"><span style=\"font-weight: bold;\">Nesse sentido, veja um pequeno trecho de um artigo que descreve em que transformaram as festas de Natal e Reveillon:<\/span>    <o:p><\/o:p><\/span><\/span><\/div>\n<div style=\"font-family: arial; margin-left: 4cm; text-align: justify;\"><span style=\"font-size: 100%;\"><b><i><span style=\"line-height: 115%;\">O nascimento de Jesus \u00e9 comemorado com uma corrida enlouquecida ao consumo, em nenhuma outra \u00e9poca se consome tanto. O ano novo \u00e9 comemorado \u00e0 meia-noite. Mas o dia come\u00e7a quando o sol nasce. Quando nasce a luz. O reveillon \u00e9 uma grande bebedeira, de modo que na hora do sol chegar est\u00e3o todos de ressaca, b\u00eabados, inconscientes, com dor de cabe\u00e7a e cheios de d\u00edvidas. Reflitam. Esse ritmo acelerado da inconsci\u00eancia se repete ao longo dos 12 meses, portanto a quest\u00e3o n\u00e3o \u00e9 se mudamos ou n\u00e3o de calend\u00e1rio. A quest\u00e3o \u00e9 porqu\u00ea temos que mudar de calend\u00e1rio. A raz\u00e3o da necessidade de mudar o calend\u00e1rio \u00e9 a ativa\u00e7\u00e3o consciente do corpo de luz planet\u00e1rio, a ascens\u00e3o da Terra. Se a civiliza\u00e7\u00e3o humana come\u00e7a a construir uma rela\u00e7\u00e3o saud\u00e1vel, harm\u00f4nica, criativa e inteligente com a Terra, no que se refere \u00e0 utiliza\u00e7\u00e3o dos recursos naturais, tecnol\u00f3gicos, econ\u00f4micos e energ\u00e9ticos, o salto qu\u00e2ntico trar\u00e1 como conseq\u00fc\u00eancia o modo de vida da consci\u00eancia c\u00f3smica. E essa consci\u00eancia \u00e9 resultante dos ciclos evolutivos descritos no tempo, o tempo enquanto freq\u00fc\u00eancia organiza as geometrias do espa\u00e7o e a atividade auto-reflexiva da mente. Quando estamos no centro do tempo, concentrados no aqui e agora, atentos ao que criamos, estabelecemos contato com essa onda que atravessa as dimens\u00f5es, proveniente do n\u00facleo da Cria\u00e7\u00e3o. (Artigo Calend\u00e1rio Maya \u2013 <\/span><\/i><\/b><span style=\"line-height: 115%;\"><a href=\"http:\/\/www.casa-indigo.com\/\"><b><i>http:\/\/www.casa-indigo.com<\/i><\/b><\/a><\/span><b><i><span style=\"line-height: 115%;\">) <o:p><\/o:p><\/span><\/i><\/b><\/span><\/div>\n<div style=\"font-family: arial; font-weight: bold; text-align: justify;\"><span style=\"font-size: 100%;\"><span style=\"line-height: 115%;\">&#8211; Vamos aguardar, para as pr\u00f3ximas gera\u00e7\u00f5es, essas mudan\u00e7as salutares e esperamos que uma nova consci\u00eancia espiritual e ambiental aliada com um novo calend\u00e1rio, que seja harm\u00f4nico com as energias do planeta sobrepujando a materialidade, o individualismo, o fanatismo dos crist\u00e3os, dos mu\u00e7ulmanos, do juda\u00edsmo, com todas as suas guerras insanas, al\u00e9m da&nbsp; desvaloriza\u00e7\u00e3o da vida humana e de todas as demais esp\u00e9cies que habitam o nosso planeta.<o:p><\/o:p><\/span><\/span><\/div>\n<div style=\"font-family: arial; font-weight: bold; text-align: justify;\"><span style=\"font-size: 100%;\"><span style=\"line-height: 115%;\">&#8211; Hoje, pelo calend\u00e1rio Gregoriano \u00e9 1\u00ba de janeiro de 2009. As atrocidades, os desequil\u00edbrios sociais ir\u00e3o continuar cada vez mais intensos no decorrer dos meses. Enquanto n\u00e3o mudarem a freq\u00fc\u00eancia vibrat\u00f3ria destrutiva, a qual mant\u00e9m o povo em um estado hipn\u00f3tico coletivo a destrui\u00e7\u00e3o continuar\u00e1. <o:p><\/o:p><\/span><\/span><\/div>\n<div style=\"font-family: arial; font-weight: bold; text-align: justify;\"><span style=\"font-size: 100%;\"><span style=\"line-height: 115%;\">&#8211; Com a mudan\u00e7a da freq\u00fc\u00eancia delet\u00e9ria para a espiritual, bem como a utiliza\u00e7\u00e3o de um calend\u00e1rio verdadeiramente voltado para os ciclos planet\u00e1rio, solar e lunar, a esp\u00e9cie humana teria v\u00e1rios ganhos coletivos. Seria uma outra realidade que poderia ser estampada assim:  <o:p><\/o:p><\/span><\/span><\/div>\n<div style=\"font-family: arial; font-weight: bold; text-align: justify;\"><span style=\"font-size: 100%;\"><span style=\"line-height: 115%;\">1) O ser humano n\u00e3o precisar\u00e1 mais pagar para nascer, pagar para viver e pagar para morrer;<o:p><\/o:p><\/span><\/span><\/div>\n<div style=\"font-family: arial; font-weight: bold; text-align: justify;\"><span style=\"font-size: 100%;\"><span style=\"line-height: 115%;\">2) Que a sociedade materialista foi desmobilizada e n\u00e3o mais \u00e9 dominada pelo dinheiro, pelas m\u00e1quinas, pelas bolsas de valores do mundo;<o:p><\/o:p><\/span><\/span><\/div>\n<div style=\"font-family: arial; font-weight: bold; text-align: justify;\"><span style=\"font-size: 100%;\"><span style=\"line-height: 115%;\">3) O ser humano n\u00e3o est\u00e1 mais provocando as guerras, as contamina\u00e7\u00f5es atmosf\u00e9ricas, as produ\u00e7\u00f5es de armamentos letais para se divertirem matando outros seres humanos e o pr\u00f3prio planeta;<o:p><\/o:p><\/span><\/span><\/div>\n<div style=\"font-family: arial; font-weight: bold; text-align: justify;\"><span style=\"font-size: 100%;\"><span style=\"line-height: 115%;\">4) Que as gritantes desigualdades sociais deixaram de existir no planeta Terra;<o:p><\/o:p><\/span><\/span><\/div>\n<div style=\"font-family: arial; font-weight: bold; text-align: justify;\"><span style=\"font-size: 100%;\"><span style=\"line-height: 115%;\">5) Que os seres humanos n\u00e3o s\u00e3o mais dependentes de drogas  que os escravizam psiquicamente e fisicamente;<o:p><\/o:p><\/span><\/span><\/div>\n<div style=\"font-family: arial; font-weight: bold; text-align: justify;\"><span style=\"font-size: 100%;\"><span style=\"line-height: 115%;\">6) Que os seres humanos n\u00e3o mais desperdi\u00e7am os recursos naturais limitados do planeta Terra;<o:p><\/o:p><\/span><\/span><\/div>\n<div style=\"font-family: arial; font-weight: bold; text-align: justify;\"><span style=\"font-size: 100%;\"><span style=\"line-height: 115%;\">7) Que as cidades gigantescas e desumanas encolheram com a retirada de milhares de pessoas de volta para as \u00e1reas rurais equilibradas pela sustentabilidade, evitando que as toneladas de mon\u00f3xido de carbono e dejetos do consumismo capitalista contaminem a atmosfera, os rios e oceanos do planeta.<o:p><\/o:p><\/span><\/span><\/div>\n<div style=\"font-family: arial; font-weight: bold; text-align: justify;\"><span style=\"font-size: 100%;\"><span style=\"line-height: 115%;\">&#8211; Enquanto isto n\u00e3o acontece verdadeiramente, um grupo de pessoas espalhadas pelo planeta Terra (Gaia) tentam acelerar as mudan\u00e7as com uma nova consci\u00eancia e um novo marcador de tempo, para um mundo mais justo e perfeito coletivamente e n\u00e3o mais individualmente. <o:p><\/o:p><\/span><\/span><\/div>\n<div style=\"font-family: arial; text-align: justify;\"><span style=\"font-size: 100%;\"><span style=\"line-height: 115%;\"><span style=\"font-weight: bold;\">&#8211; Sendo assim, para encerrar, mesmo com as falhas do atual marcador de tempo, desejo:<\/span><o:p><\/o:p><\/span><\/span><\/div>\n<div style=\"font-family: arial; text-align: justify;\"><span style=\"line-height: 115%;\"><span style=\"color: #000099; font-size: 100%; font-weight: bold;\">&#8211; UM FELIZ E PR\u00d3SPERO ANO NOVO DE 2009 PARA OS QUE PENSAM NA EQUIDADE, NA JUSTI\u00c7A E NA RETID\u00c3O (ESQUADRO) E  TENHAM PRECIS\u00c3O NA EXECU\u00c7\u00c3O (R\u00c9GUA) DA FALA CORRETA, DA COMPREENS\u00c3O CORRETA, DO PENSAMENTO CORRETO, DA A\u00c7\u00c3O CORRETA, DO MEIO DE VIDA CORRETO, DO ESFOR\u00c7O CORRETO, DA ATEN\u00c7\u00c3O PLENA CORRETA, DA CONCENTRA\u00c7\u00c3O CORRETA. UM FELIZ E PROSPERO ANO NOVO DE 2009 PARA OS QUE TENHAM VONTADE NA APLICA\u00c7\u00c3O (MALHO) DE BONS VENTOS PARA A GRANDE MUDAN\u00c7A E PARA OS MATERIALISTAS, TERRORISTAS, CONSUMISTAS EXACERBADOS, FAN\u00c1TICOS DO CAPITALISMO SMITHIANO, DO NEOLIBERALISMO E RELIGIOSOS ENSANDECIDOS, DEIXAMOS A NOSSA COMPAIX\u00c3O (TROLHA), POIS ESTES DISSEMINAM ILUS\u00d5ES DE UMA FALSA FELICIDADE E S\u00c3O CONTR\u00c1RIOS A VIDA E AO EQUIL\u00cdBRIO C\u00d3SMICO.<\/span><\/span><\/div>\n<div style=\"font-family: arial; text-align: center;\">-.-.-.-.-.-.-.-.-.-.-.-.-.-.-.-.-.-.-.-.-.-.-.-.-.-.-.-.-.-<\/div>\n<div style=\"font-family: arial; text-align: justify;\">&#8211; Para conhecer um pouquinho mais:<\/div>\n<div style=\"font-family: arial; text-align: justify;\">1) <a href=\"http:\/\/www.calendariodapaz.com.br\/homeTormentaEletricaAzul\/movimento.php3?cdItem=11&amp;cdSubItem=43\">http:\/\/www.calendariodapaz.com.br\/<\/a><\/div>\n<div style=\"font-family: arial; text-align: justify;\">2) <a href=\"http:\/\/www.casa-indigo.com\/artigos\/calendario_maya.asp\">http:\/\/www.casa-indigo.com\/artigos\/calendario_maya.asp<\/a><\/div>\n<div style=\"text-align: justify;\"><span style=\"font-family: arial;\">3)<a href=\"http:\/\/ouroliquido.blogspot.com\/search?q=O+insustent%C3%A1vel+Calend%C3%A1rio\"> http:\/\/ouroliquido.blogspot.com\/search?q=O+insustent%C3%A1vel+Calend%C3%A1rio<\/a><\/span><br \/><span style=\"line-height: 115%;\"><o:p><\/o:p><\/span><\/div>\n","protected":false},"excerpt":{"rendered":"<p>&#8211; O atual sistema de marca\u00e7\u00e3o de tempo tem a sua origem na Babil\u00f4nia. O antigo Imp\u00e9rio Romano utilizou-se desse calend\u00e1rio, fazendo diversas modifica\u00e7\u00f5es duvidosas, as quais serviram aos interesses pol\u00edticos de Roma. &#8211; Coube ao Papa Greg\u00f3rio XIII, em &hellip; <a href=\"https:\/\/vincit3.com.br\/index.php\/2009\/01\/01\/o-calendario-gregoriano-e-falho\/\">Continue lendo <span class=\"meta-nav\">&rarr;<\/span><\/a><\/p>\n","protected":false},"author":1,"featured_media":0,"comment_status":"open","ping_status":"open","sticky":false,"template":"","format":"standard","meta":{"footnotes":""},"categories":[863,862,860,861,506,859,858],"tags":[],"class_list":["post-221","post","type-post","status-publish","format-standard","hentry","category-calendario","category-cesar","category-energeticos","category-frequecia","category-gaia","category-gregoriano","category-maya"],"_links":{"self":[{"href":"https:\/\/vincit3.com.br\/index.php\/wp-json\/wp\/v2\/posts\/221","targetHints":{"allow":["GET"]}}],"collection":[{"href":"https:\/\/vincit3.com.br\/index.php\/wp-json\/wp\/v2\/posts"}],"about":[{"href":"https:\/\/vincit3.com.br\/index.php\/wp-json\/wp\/v2\/types\/post"}],"author":[{"embeddable":true,"href":"https:\/\/vincit3.com.br\/index.php\/wp-json\/wp\/v2\/users\/1"}],"replies":[{"embeddable":true,"href":"https:\/\/vincit3.com.br\/index.php\/wp-json\/wp\/v2\/comments?post=221"}],"version-history":[{"count":0,"href":"https:\/\/vincit3.com.br\/index.php\/wp-json\/wp\/v2\/posts\/221\/revisions"}],"wp:attachment":[{"href":"https:\/\/vincit3.com.br\/index.php\/wp-json\/wp\/v2\/media?parent=221"}],"wp:term":[{"taxonomy":"category","embeddable":true,"href":"https:\/\/vincit3.com.br\/index.php\/wp-json\/wp\/v2\/categories?post=221"},{"taxonomy":"post_tag","embeddable":true,"href":"https:\/\/vincit3.com.br\/index.php\/wp-json\/wp\/v2\/tags?post=221"}],"curies":[{"name":"wp","href":"https:\/\/api.w.org\/{rel}","templated":true}]}}