{"id":214,"date":"2009-05-02T19:42:00","date_gmt":"2009-05-02T19:42:00","guid":{"rendered":"https:\/\/vincit3.com.br\/index.php\/2009\/05\/02\/a-eterna-instituicao-da-corrupcao\/"},"modified":"2009-05-02T19:42:00","modified_gmt":"2009-05-02T19:42:00","slug":"a-eterna-instituicao-da-corrupcao","status":"publish","type":"post","link":"https:\/\/vincit3.com.br\/index.php\/2009\/05\/02\/a-eterna-instituicao-da-corrupcao\/","title":{"rendered":"A ETERNA INSTITUI\u00c7\u00c3O DA CORRUP\u00c7\u00c3O"},"content":{"rendered":"<div dir=\"ltr\" style=\"text-align: left;\">\n<div>\n<div>\n<div style=\"text-align: justify;\"><span style=\"font-size: 130%;\">&#8211; Recebi por E.mail a reportagem abaixo, a qual em um primeiro momento de leitura \u00e9 revoltante.<\/span><\/div>\n<div style=\"text-align: justify;\"><span style=\"font-size: 130%;\">&#8211; Essas not\u00edcias s\u00e3o amplamente divulgadas, pois seguem um processo ideol\u00f3gico previamente determinado pela elite. Por isso temos que aceitar, com certa desconfian\u00e7a, os fatos registrados do artigo que me enviaram, j\u00e1 que h\u00e1 a necessidade de se averiguar as causas que levaram todos esses \u201ccanalhas\u201d a agirem dessa maneira. Afinal, vivemos na terra da \u201cLei de Gerson\u201d e existem in\u00fameras causas hist\u00f3ricas para que o Brasil seja assim.<\/span><\/div>\n<div style=\"text-align: justify;\"><span style=\"font-size: 130%;\">&#8211; Ao nos depararmos com todo esse loda\u00e7al dos bastidores dos poderosos de Bras\u00edlia, seria importante fazermos uma retrospectiva hist\u00f3rica das \u00faltimas d\u00e9cadas. Vejam que a podrid\u00e3o tamb\u00e9m estava inserida no seio do governo FHC, Collor, Sarney, per\u00edodo ditatorial e dos governos anteriores, al\u00e9m do per\u00edodo mon\u00e1rquico e colonial.  S\u00e3o 500 anos de corrup\u00e7\u00e3o, a qual  vai se firmando como uma institui\u00e7\u00e3o nobre e inating\u00edvel.<\/span><\/div>\n<div style=\"text-align: justify;\"><span style=\"font-size: 130%;\">&#8211; Se os poderosos, das elites dominantes, possuidores de um bom grau de instru\u00e7\u00e3o foram governantes e agiram em proveito pr\u00f3prio de acordo com as circunst\u00e2ncias hist\u00f3ricas do momento, seria muito dif\u00edcil os <span style=\"text-decoration: underline;\"><b>\u201cda Silva\u201d<\/b><\/span> agirem de maneira diferente por serem mais humildes. Teriam que ser monges budistas para terem honra e integridade e olhe l\u00e1!<\/span><\/div>\n<div style=\"text-align: justify;\"><span style=\"font-size: 130%;\">&#8211; \u00c9 bom salientar que, de acordo com os interesses, pouco ou nada \u00e9 divulgado sobre os governos mais recentes. Se procurarmos nas bordas da hist\u00f3ria do governo do soci\u00f3logo FHC, iremos encontrar coisas que at\u00e9 Deus ir\u00e1 duvidar e, por indu\u00e7\u00e3o, tamb\u00e9m dos governos anteriores.<\/span><\/div>\n<div style=\"text-align: justify;\"><span style=\"font-size: 130%;\">&#8211; Para mudar tudo, seria preciso uma revolu\u00e7\u00e3o educacional de grande qualidade, muita cidadania, liberdade de express\u00e3o sem subliminalidade, consci\u00eancia de estar inserido nesse contexto hist\u00f3rico, necessidade de uma ampla revolu\u00e7\u00e3o na \u00e9tica e na moral, fortalecer os la\u00e7os familiares da fam\u00edlia que est\u00e1 sendo desintegrada pela globaliza\u00e7\u00e3o e coragem para mudar por bem ou por mal. Talvez essas mudan\u00e7as sejam pura utopia, pois no meu Estado as pessoas miser\u00e1veis  (maioria) vendem seus votos por R$ 50,00 ou por uma \u201cporcaria\u201d qualquer  e acreditam em urna eletr\u00f4nica. E no resto do Brasil como ser\u00e1? Uma coisa \u00e9 certa: a colheita \u00e9 inevit\u00e1vel. Ser\u00e1 muito dif\u00edcil estabelecer mudan\u00e7as, mas n\u00e3o \u00e9 imposs\u00edvel.<\/span><\/div>\n<div style=\"text-align: justify;\"><span style=\"font-size: 130%;\">&#8211; Portanto, leiam e meditem sobre os fatos abaixo descritos, mas n\u00e3o se deixam levar pelo \u00f3dio ignorante. Tudo isto \u00e9 a colheita de algo plantado a s\u00e9culos. Temos que mudar a qualidade das sementes e o m\u00e9todo da semeadura. \u00c9 a \u00fanica sa\u00edda, se \u00e9 que ainda temos sa\u00edda. (Vilsemar).<\/span><\/div>\n<div style=\"text-align: justify;\"><span style=\"font-size: 130%;\"><i>&#8211; EIS O TEOR DO E.MAIL RECEBIDO NA INTEGRA: <\/i><\/span><\/div>\n<div style=\"text-align: justify;\"><span style=\"font-size: 130%;\"><i><span style=\"text-decoration: underline;\">PRIMEIRA DAMA (DONA MARISA LIMA) INVESTE R$ 600.000,00 NA BRASILPREV EM PREVID\u00caNCIA PARA OS NETOS<\/span><\/i><\/span><\/div>\n<div style=\"text-align: justify;\"><span style=\"font-size: 130%;\"><i>A 1\u00aa. dama tratou de garantir o futuro dos <b>3 netos <\/b>, sabendo que INSS \u00e9 para quem est\u00e1 nos andares de baixo e porque ser\u00e1 um desastre para as futuras gera\u00e7\u00f5es.<\/i><i> O gabinete de Seguran\u00e7a Institucional se empenha na coordena\u00e7\u00e3o de abafar o endere\u00e7o de <b>R$<\/b> <b>600.000,00 mil reais<\/b> que sumiram pelas m\u00e3os da Sra. Marisa Let\u00edcia da Silva, na utiliza\u00e7\u00e3o de seu poderoso <b>CART\u00c3O CORPORATIVO<\/b>. <\/i><\/span><\/div>\n<div style=\"text-align: justify;\"><span style=\"font-size: 130%;\"><i>O sigilo sobre o caso \u00e9 quest\u00e3o de <b>\u2019seguran\u00e7a nacional\u2019<\/b>, conforme defesa do Sr.. Jorge Armando Felix, Ministro-chefe do GSI, sabedor que a seguran\u00e7a \u00e9 muito mais um grau de garantia porque \u00e9 relativa, est\u00e1 sujeita a vulnerabilidades.<\/i><\/span><\/div>\n<div style=\"text-align: justify;\"><span style=\"font-size: 130%;\"><i>A verdade \u00e9 que a esposa do presidente do governo mais corrupto da hist\u00f3ria da Rep\u00fablica desde D.Jo\u00e3o VI desembolsou, em dinheiro vivo, nada menos que <b>R$ 600.000,00 (seiscentos mil<\/b> <b>reais),<\/b> que foram recolhidos aos cofres da Brasilprev e incorporados ao seu balan\u00e7o de 2007, para a aquisi\u00e7\u00e3o de <b>tr\u00eas planos de \u2018previd\u00eancia junior\u2019 <\/b>para garantir o futuro de seus tr\u00eas netinhos.<\/i><\/span><\/div>\n<p><span style=\"font-size: 130%;\"><i>A senhora Marisa Let\u00edcia, a que entrou muda e certamente sair\u00e1 calada do Pal\u00e1cio do Alvorada, usufrui a bel prazer das facilidades que a blindagem oficial propicia, mas que \u00e9 relativa, pois informa\u00e7\u00f5es vazam.<\/i><\/span><\/p>\n<div style=\"text-align: justify;\"><span style=\"font-size: 130%;\"><i>Lamentavelmente, a fam\u00edlia da Silva, que se tornou patrimonialmente poderosa em t\u00e3o pouco tempo de reinado, ainda conta com a simpatia de uma legi\u00e3o de brasileiros sem emprego, sem moradia, sem educa\u00e7\u00e3o, sem sa\u00fade, mas portadores do cart\u00e3o da corpora\u00e7\u00e3o dos miser\u00e1veis do pa\u00eds.(OI\/Brasil acima de tudo).<\/i><\/span><\/div>\n<div style=\"text-align: justify;\"><span style=\"font-size: 130%;\"><i>Vamos pagar o Imposto de Renda corretamente e sem reclamar, pois temos que garantir o futuro dos netinhos do <b>LULA,<\/b> j\u00e1 que a<b>TELEMAR <\/b>garantiu o Bi\u00f3logo <b>LULINHA. <\/b><\/i><\/span><\/div>\n<div style=\"text-align: justify;\"><span style=\"font-size: 130%;\"><i>Se n\u00e3o estiver satisfeito, use o seu Cart\u00e3o Corporativo, por\u00e9m, com parcim\u00f4nia\u2026<\/i><\/span><\/div>\n<div style=\"text-align: justify;\"><span style=\"font-size: 130%;\"><i>Que coisas t\u00e3o graves em seus gastos na Presid\u00eancia estar\u00e1 Lula procurando esconder da opini\u00e3o p\u00fablica?  Que de t\u00e3o grave t\u00eam as despesas dos  pal\u00e1cios do Planalto, da Alvorada e da Granja do Torto que possam explicar a cortina de fuma\u00e7a que o governo criou para impedir o controle dos cart\u00f5es corporativos de <b>Lula, Marisa, Lulinha, Lurian<\/b><\/i> etc.?<\/span><\/div>\n<div style=\"text-align: justify;\"><span style=\"font-size: 130%;\"><i>A estas alturas, s\u00f3 o governo pode responder a tais perguntas.<\/i><\/span><\/div>\n<div style=\"text-align: justify;\"><span style=\"font-size: 130%;\"><i>E como o governo n\u00e3o responde a opini\u00e3o p\u00fablica, sem os esclarecimentos devidos, torna-se presa de d\u00favidas sobre tudo e todos.<\/i><\/span><\/div>\n<div style=\"text-align: justify;\"><span style=\"font-size: 130%;\"><i>\u00c9 conhecida a ojeriza de Lula a qualquer controle sobre gastos.<\/i><\/span><\/div>\n<div style=\"text-align: justify;\"><span style=\"font-size: 130%;\"><i>Evidentemente os dele, da companheirada do <b>PT<\/b>, dos sindicatos e do MST, sem esquecer um sem-n\u00famero de <b>ONGs.<\/b><\/i><\/span><\/div>\n<div style=\"text-align: justify;\"><span style=\"font-size: 130%;\"><i>Ainda recentemente, ele vetou dispositivo de lei que exigia dos sindicatos presta\u00e7\u00e3o de contas ao <b>TCU<\/b> dos recursos derivados do imposto sindical (agora \u2018contribui\u00e7\u00e3o\u2019).  H\u00e1 mais tempo, Lula era contra o imposto em nome da autonomia sindical.<\/i><\/span><\/div>\n<div style=\"text-align: justify;\"><span style=\"font-size: 130%;\"><i><b>Francisco C. Weffort &#8211; Jornal O Globo<\/b><\/i><\/span><\/div>\n<\/div>\n<\/div>\n<\/div>\n","protected":false},"excerpt":{"rendered":"<p>&#8211; Recebi por E.mail a reportagem abaixo, a qual em um primeiro momento de leitura \u00e9 revoltante. &#8211; Essas not\u00edcias s\u00e3o amplamente divulgadas, pois seguem um processo ideol\u00f3gico previamente determinado pela elite. Por isso temos que aceitar, com certa desconfian\u00e7a, &hellip; <a href=\"https:\/\/vincit3.com.br\/index.php\/2009\/05\/02\/a-eterna-instituicao-da-corrupcao\/\">Continue lendo <span class=\"meta-nav\">&rarr;<\/span><\/a><\/p>\n","protected":false},"author":1,"featured_media":0,"comment_status":"open","ping_status":"open","sticky":false,"template":"","format":"standard","meta":{"footnotes":""},"categories":[823,822,826,824,825],"tags":[],"class_list":["post-214","post","type-post","status-publish","format-standard","hentry","category-corporativo","category-elites","category-lodacal","category-lurin","category-telemar"],"_links":{"self":[{"href":"https:\/\/vincit3.com.br\/index.php\/wp-json\/wp\/v2\/posts\/214","targetHints":{"allow":["GET"]}}],"collection":[{"href":"https:\/\/vincit3.com.br\/index.php\/wp-json\/wp\/v2\/posts"}],"about":[{"href":"https:\/\/vincit3.com.br\/index.php\/wp-json\/wp\/v2\/types\/post"}],"author":[{"embeddable":true,"href":"https:\/\/vincit3.com.br\/index.php\/wp-json\/wp\/v2\/users\/1"}],"replies":[{"embeddable":true,"href":"https:\/\/vincit3.com.br\/index.php\/wp-json\/wp\/v2\/comments?post=214"}],"version-history":[{"count":0,"href":"https:\/\/vincit3.com.br\/index.php\/wp-json\/wp\/v2\/posts\/214\/revisions"}],"wp:attachment":[{"href":"https:\/\/vincit3.com.br\/index.php\/wp-json\/wp\/v2\/media?parent=214"}],"wp:term":[{"taxonomy":"category","embeddable":true,"href":"https:\/\/vincit3.com.br\/index.php\/wp-json\/wp\/v2\/categories?post=214"},{"taxonomy":"post_tag","embeddable":true,"href":"https:\/\/vincit3.com.br\/index.php\/wp-json\/wp\/v2\/tags?post=214"}],"curies":[{"name":"wp","href":"https:\/\/api.w.org\/{rel}","templated":true}]}}