{"id":213,"date":"2009-05-21T19:20:00","date_gmt":"2009-05-21T19:20:00","guid":{"rendered":"https:\/\/vincit3.com.br\/index.php\/2009\/05\/21\/pedofilia-em-instituicoes-educacionais-na-irlanda\/"},"modified":"2009-05-21T19:20:00","modified_gmt":"2009-05-21T19:20:00","slug":"pedofilia-em-instituicoes-educacionais-na-irlanda","status":"publish","type":"post","link":"https:\/\/vincit3.com.br\/index.php\/2009\/05\/21\/pedofilia-em-instituicoes-educacionais-na-irlanda\/","title":{"rendered":"PEDOF\u00cdLIA EM INSTITUI\u00c7\u00d5ES EDUCACIONAIS NA IRLANDA"},"content":{"rendered":"<p style=\"mso-margin-top-alt:auto;mso-margin-bottom-alt:auto; text-align:justify;line-height:normal\"><span  style=\"font-size:13px;\"><\/span><\/p>\n<p style=\"mso-margin-top-alt:auto;mso-margin-bottom-alt:auto; text-align:justify;line-height:normal\"><span style=\"\"><span  style=\"font-family:verdana;\"><span  style=\"font-size:large;\">&#8211; Voc\u00ea, na condi\u00e7\u00e3o de uma m\u00e3e zelosa ou um pai zeloso para com o seu filho, o que diria de mulheres e homens escudados por um manto sacerdotal, especializados em artes religiosas e em \u00e1reas psicossociais, estando a violentar e a espancar dezenas de indefesas crian\u00e7as, onde a maioria s\u00e3o pobres e \u00f3rf\u00e3os, todas largadas em institui\u00e7\u00f5es religiosas respons\u00e1veis pela sua forma\u00e7\u00e3o cidad\u00e3?<\/span><\/span><span style=\"mso-spacerun:yes\"><span  style=\"font-family:verdana;\"><span  style=\"font-size:large;\">\u00a0 <\/span><\/span><\/span><span  style=\"font-family:verdana;\"><span  style=\"font-size:large;\"><o:p><\/o:p><\/span><\/span><\/span><\/p>\n<p style=\"mso-margin-top-alt:auto;mso-margin-bottom-alt:auto; text-align:justify;line-height:normal\"><span style=\"\"><span  style=\"font-family:verdana;\"><span  style=\"font-size:large;\">&#8211; E o que voc\u00ea pensaria ao ver todos esses criminosos sendo denunciados pelos seus p\u00e9rfidos rituais sexuais demon\u00edacos e de sess\u00f5es de espancamento e que est\u00e3o a receber prote\u00e7\u00e3o pela institui\u00e7\u00e3o religiosa a qual pertencem?<\/span><\/span><span  style=\"font-family:verdana;\"><span  style=\"font-size:large;\"><o:p><\/o:p><\/span><\/span><\/span><\/p>\n<p style=\"mso-margin-top-alt:auto;mso-margin-bottom-alt:auto; text-align:justify;line-height:normal\"><span style=\"\"><span  style=\"font-family:verdana;\"><span  style=\"font-size:large;\">&#8211; De acordo com a m\u00eddia, \u00e9 exatamente isto que ocorreu e talvez ainda ocorra na Irlanda, cujas autoridades governamentais tiveram a coragem de desafiar o poder religioso e revelar para o mundo o que aconteceu com centenas de milhares crian\u00e7as pobres e fr\u00e1geis, as quais eram colocadas sob a prote\u00e7\u00e3o de institui\u00e7\u00f5es educacionais mantidas pela Igreja Cat\u00f3lica Apost\u00f3lica Romana.<\/span><\/span><span  style=\"font-family:verdana;\"><span  style=\"font-size:large;\"><o:p><\/o:p><\/span><\/span><\/span><\/p>\n<p style=\"mso-margin-top-alt:auto;mso-margin-bottom-alt:auto; text-align:justify;line-height:normal\"><span style=\"\"><span  style=\"font-family:verdana;\"><span  style=\"font-size:large;\">&#8211; De acordo com o Jornal do Brasil on-line, a investiga\u00e7\u00e3o levou quase dez anos e gerou um relat\u00f3rio de mais de 2.600 p\u00e1ginas. Envolve mais de 250 institui\u00e7\u00f5es mantidas por religiosos entre os anos de 1930 a 1990. O documento revela que <\/span><\/span><i style=\"mso-bidi-font-style:normal\"><span  style=\"font-family:verdana;\"><span  style=\"font-size:large;\">\u201cem algumas escolas, <\/span><\/span><span><span style=\"color:#2A2A2A;\"><span  style=\"font-family:verdana;\"><span  style=\"font-size:large;\">um ritual de espancamento das garotas era rotineiro. As garotas apanhavam com equipamentos desenhados para maximizar a dor e eram atingidas em todas as partes do corpo. Denegrir a pessoa e a fam\u00edlia era um h\u00e1bito amplamente difundido\u201d(1).<\/span><\/span><span  style=\"font-family:verdana;\"><span  style=\"font-size:large;\"><o:p><\/o:p><\/span><\/span><\/span><\/span><\/i><\/span><\/p>\n<p style=\"mso-margin-top-alt:auto;mso-margin-bottom-alt:auto; text-align:justify;line-height:normal\"><span style=\"\"><span  style=\"font-family:verdana;\"><span  style=\"font-size:large;\">&#8211; O \u201cThe Guardian Mary Raftery\u201d, que produziu um document\u00e1rio comentou que <\/span><\/span><i style=\"mso-bidi-font-style:normal\"><span  style=\"font-family:verdana;\"><span  style=\"font-size:large;\">\u201calgumas pessoas <\/span><\/span><span><span style=\"color:black;\"><span  style=\"font-family:verdana;\"><span  style=\"font-size:large;\">com quem falamos disseram que ouviam gritos horr\u00edveis de crian\u00e7as durante a noite\u00a0sem saberem\u00a0o que fazer, a quem se queixarem, porque o poder na cidade era o religioso que dirigia a institui\u00e7\u00e3o\u201d(2).<\/span><\/span><\/span><\/span><\/i><span style=\"mso-spacerun:yes\"><span  style=\"font-family:verdana;\"><span  style=\"font-size:large;\">\u00a0 <\/span><\/span><\/span><span  style=\"font-family:verdana;\"><span  style=\"font-size:large;\"><o:p><\/o:p><\/span><\/span><\/span><\/p>\n<p style=\"mso-margin-top-alt:auto;mso-margin-bottom-alt:auto; text-align:justify;line-height:normal\"><span><span style=\"color: rgb(42, 42, 42); \"><span  style=\"font-family:verdana;\"><span  style=\"font-size:large;\">&#8211; Nesse sentido, de acordo com o jornalista Paulo Nogueira(3), o qual vive em Londres, as den\u00fancias envolvem em torno de 500 padres ped\u00f3filos, alguns j\u00e1 mortos, os quais transformaram em um verdadeiro holocausto a vida de milhares de crian\u00e7as atrav\u00e9s de abusos sexuais, f\u00edsicos e mentais. O inacredit\u00e1vel de tudo \u00e9 que somente agora est\u00e3o surgindo \u00e0s den\u00fancias e aparentemente as autoridades entre os anos de 1930 e 1990 eram condizentes com o que acontecia nas institui\u00e7\u00f5es marcadas pela tortura e abusos sexuais.<\/span><\/span><span style=\"mso-spacerun:yes\"><span  style=\"font-family:verdana;\"><span  style=\"font-size:large;\">\u00a0\u00a0\u00a0 <\/span><\/span><\/span><span style=\"mso-spacerun:yes\"><span  style=\"font-family:verdana;\"><span  style=\"font-size:large;\">\u00a0<\/span><\/span><\/span><span  style=\"font-family:verdana;\"><span  style=\"font-size:large;\"><o:p><\/o:p><\/span><\/span><\/span><\/span><\/p>\n<p style=\"mso-margin-top-alt:auto;mso-margin-bottom-alt:auto; text-align:justify;line-height:normal\"><span><span style=\"color: rgb(42, 42, 42); \"><span  style=\"font-family:verdana;\"><span  style=\"font-size:large;\">&#8211; Por este vi\u00e9s, a Igreja Cat\u00f3lica Apost\u00f3lica Romana tentou impedir v\u00e1rias vezes que o respectivo documento fosse divulgado. Infelizmente o teor completo das investiga\u00e7\u00f5es ainda n\u00e3o poder\u00e1 ser utilizado em processos criminais, pois a \u201cOrdem dos Irm\u00e3os Crist\u00e3os\u201d utilizou-se de manobras jur\u00eddicas para que a identidade das v\u00edtimas e dos perpetradores desses crimes infames seja mantida em total sigilo para dificultar a\u00e7\u00f5es judiciais e indeniza\u00e7\u00f5es por danos morais.<\/span><\/span><span  style=\"font-family:verdana;\"><span  style=\"font-size:large;\"><o:p><\/o:p><\/span><\/span><\/span><\/span><\/p>\n<p style=\"mso-margin-top-alt:auto;mso-margin-bottom-alt:auto; text-align:justify;line-height:normal\"><span><span style=\"color: rgb(42, 42, 42); \"><span  style=\"font-family:verdana;\"><span  style=\"font-size:large;\">&#8211; Nesse cadinho todo, muitas das v\u00edtimas j\u00e1 foram indenizadas mediante acordo com o governo irland\u00eas, desde que abdicassem do direito de processar a Igreja e o Estado, no entanto outras n\u00e3o aceitaram o acordo e lutam para que os seus agressores sejam levados ao banco dos r\u00e9us para que tenham uma senten\u00e7a condenat\u00f3ria exemplar.<\/span><\/span><span  style=\"font-family:verdana;\"><span  style=\"font-size:large;\"><o:p><\/o:p><\/span><\/span><\/span><\/span><\/p>\n<p style=\"mso-margin-top-alt:auto;mso-margin-bottom-alt:auto; text-align:justify;line-height:normal\"><span><span style=\"color: rgb(42, 42, 42); \"><span  style=\"font-family:verdana;\"><span  style=\"font-size:large;\">&#8211; Tal investiga\u00e7\u00e3o, feita pela Irlanda, deveria de ser exemplo para todos aqueles que pretendem desmascarar os que maculam o cristianismo em sua ess\u00eancia. O teor dos fatos investigados deveria de ser tido como um exemplo para o Brasil, j\u00e1 que existem diversas den\u00fancias e processos judiciais envolvendo padres que cometeram abusos sexuais em crian\u00e7as e adolescentes.<\/span><\/span><span style=\"mso-spacerun:yes\"><span  style=\"font-family:verdana;\"><span  style=\"font-size:large;\">\u00a0 <\/span><\/span><\/span><span style=\"mso-spacerun:yes\"><span  style=\"font-family:verdana;\"><span  style=\"font-size:large;\">\u00a0\u00a0<\/span><\/span><\/span><span  style=\"font-family:verdana;\"><span  style=\"font-size:large;\"><o:p><\/o:p><\/span><\/span><\/span><\/span><\/p>\n<p>  <span><\/p>\n<div style=\"text-align: justify;\"><span  style=\"color: rgb(42, 42, 42);  line-height: 18px; font-family:verdana;\"><span  style=\"font-size:large;\">&#8211; De qualquer maneira, s\u00f3 a divulga\u00e7\u00e3o do crime na m\u00eddia, n\u00e3o deixa de ser um verdadeiro ganho real. Felizmente, j\u00e1 n\u00e3o estamos mais na Idade M\u00e9dia e a Inquisi\u00e7\u00e3o est\u00e1 dormente, por\u00e9m n\u00e3o extinta. O mundo est\u00e1 mais democr\u00e1tico e com mais cidadania e, a verdade come\u00e7a a ocupar o seu devido lugar acima de muitas religi\u00f5es e seitas que mentem e exploram o povo incauto, principalmente com rela\u00e7\u00e3o \u00e0s crian\u00e7as e aos adolescentes, os quais servem para saciar a lasc\u00edvia desses seres abomin\u00e1veis que se escondem dentro de uma religi\u00e3o.<\/span><\/span><\/div>\n<p><\/span><\/p>\n<p style=\"mso-margin-top-alt:auto;mso-margin-bottom-alt:auto; text-align:justify;line-height:normal\"><span   style=\"color: rgb(42, 42, 42);   line-height: 14px;font-family:verdana;font-size:18px;\">__________________________<\/span><\/p>\n<p style=\"mso-margin-top-alt:auto;mso-margin-bottom-alt:auto; text-align:justify;line-height:normal\"><span style=\"color: rgb(42, 42, 42);  line-height: 14px; \"><span style=\"color: rgb(0, 0, 0);  line-height: 17px; \"><span style=\"color: rgb(42, 42, 42);  line-height: 14px; text-decoration: none; \"><span style=\"color: rgb(0, 0, 0); line-height: normal; \"><span  style=\"font-family:arial;\"><span  style=\"font-size:x-small;\">1 &#8211;\u00a0<\/span><\/span><\/span><a href=\"http:\/\/jbonline.terra.com.br\/pextra\/2009\/05\/20\/e20058301.asp\" style=\"\"><span  style=\"font-family:arial;\"><span  style=\"font-size:x-small;\">\u00a0<\/span><\/span><\/a><\/span><a href=\"http:\/\/jbonline.terra.com.br\/pextra\/2009\/05\/20\/e20058301.asp\"><span  style=\"font-family:arial;\"><span  style=\"font-size:x-small;\">http:\/\/jbonline.terra.com.br\/pextra\/2009\/05\/20\/e20058301.asp<\/span><\/span><\/a><\/span><\/span><\/p>\n<p style=\"mso-margin-top-alt:auto;mso-margin-bottom-alt:auto; text-align:justify;line-height:normal\"><span  style=\"font-size:x-small;\"><span  style=\"  line-height: 17px;font-family:Calibri;\"><\/span><\/span><\/p>\n<p style=\"mso-margin-top-alt:auto;mso-margin-bottom-alt:auto; text-align:justify;line-height:normal\"><o:p><span  style=\"font-family:arial;\"><span  style=\"font-size:x-small;\">\u00a02 &#8211;\u00a0<\/span><\/span><span style=\"line-height: 17px; \"><a href=\"http:\/\/www.ionline.pt\/conteudo\/5210-igreja-irlandesa-teve-sistema-cruel-e-perverso-pedofilia\"><span  style=\"font-family:arial;\"><span  style=\"font-size:x-small;\">http:\/\/www.ionline.pt\/conteudo\/5210-igreja-irlandesa-teve-sistema-cruel-e-perverso-pedofilia<\/span><\/span><\/a><\/span><\/o:p><\/p>\n<p style=\"mso-margin-top-alt:auto;mso-margin-bottom-alt:auto; text-align:justify;line-height:normal\"><span style=\"line-height: 17px;\"><span  style=\"font-family:arial;\"><span  style=\"font-size:x-small;\">3 &#8211;\u00a0<\/span><\/span><a href=\"http:\/\/colunas.epoca.globo.com\/pelomundo\/tag\/irlanda\/\"><span  style=\"font-family:arial;\"><span  style=\"font-size:x-small;\">http:\/\/colunas.epoca.globo.com\/pelomundo\/tag\/irlanda\/<\/span><\/span><\/a><\/span><\/p><\/p>\n","protected":false},"excerpt":{"rendered":"<p>&#8211; Voc\u00ea, na condi\u00e7\u00e3o de uma m\u00e3e zelosa ou um pai zeloso para com o seu filho, o que diria de mulheres e homens escudados por um manto sacerdotal, especializados em artes religiosas e em \u00e1reas psicossociais, estando a violentar &hellip; <a href=\"https:\/\/vincit3.com.br\/index.php\/2009\/05\/21\/pedofilia-em-instituicoes-educacionais-na-irlanda\/\">Continue lendo <span class=\"meta-nav\">&rarr;<\/span><\/a><\/p>\n","protected":false},"author":1,"featured_media":0,"comment_status":"open","ping_status":"open","sticky":false,"template":"","format":"standard","meta":{"footnotes":""},"categories":[816,821,337,820,803,818,125,819,817],"tags":[],"class_list":["post-213","post","type-post","status-publish","format-standard","hentry","category-abuso-sexual","category-catolica","category-estado","category-igreja","category-instituicoes","category-irlanda","category-pedofilia","category-romana","category-tortura"],"_links":{"self":[{"href":"https:\/\/vincit3.com.br\/index.php\/wp-json\/wp\/v2\/posts\/213","targetHints":{"allow":["GET"]}}],"collection":[{"href":"https:\/\/vincit3.com.br\/index.php\/wp-json\/wp\/v2\/posts"}],"about":[{"href":"https:\/\/vincit3.com.br\/index.php\/wp-json\/wp\/v2\/types\/post"}],"author":[{"embeddable":true,"href":"https:\/\/vincit3.com.br\/index.php\/wp-json\/wp\/v2\/users\/1"}],"replies":[{"embeddable":true,"href":"https:\/\/vincit3.com.br\/index.php\/wp-json\/wp\/v2\/comments?post=213"}],"version-history":[{"count":0,"href":"https:\/\/vincit3.com.br\/index.php\/wp-json\/wp\/v2\/posts\/213\/revisions"}],"wp:attachment":[{"href":"https:\/\/vincit3.com.br\/index.php\/wp-json\/wp\/v2\/media?parent=213"}],"wp:term":[{"taxonomy":"category","embeddable":true,"href":"https:\/\/vincit3.com.br\/index.php\/wp-json\/wp\/v2\/categories?post=213"},{"taxonomy":"post_tag","embeddable":true,"href":"https:\/\/vincit3.com.br\/index.php\/wp-json\/wp\/v2\/tags?post=213"}],"curies":[{"name":"wp","href":"https:\/\/api.w.org\/{rel}","templated":true}]}}