{"id":186,"date":"2011-05-04T13:54:00","date_gmt":"2011-05-04T13:54:00","guid":{"rendered":"https:\/\/vincit3.com.br\/index.php\/2011\/05\/04\/a-morte-do-terrorista-verdade-mentira-ou-manipulacao\/"},"modified":"2011-05-04T13:54:00","modified_gmt":"2011-05-04T13:54:00","slug":"a-morte-do-terrorista-verdade-mentira-ou-manipulacao","status":"publish","type":"post","link":"https:\/\/vincit3.com.br\/index.php\/2011\/05\/04\/a-morte-do-terrorista-verdade-mentira-ou-manipulacao\/","title":{"rendered":"A MORTE DO TERRORISTA. VERDADE, MENTIRA OU MANIPULA\u00c7\u00c3O?"},"content":{"rendered":"<div dir=\"ltr\" style=\"text-align: left;\">\n<p><\/p>\n<div style=\"text-align: center;\"><a href=\"http:\/\/www.blogger.com\/post-edit.g?blogID=1215898696525430552&amp;postID=9193095990522443871\" name=\"OLE_LINK12\"><\/a><b style=\"color: #990000;\"><i><span style=\"font-family: &quot;Calibri&quot;,&quot;sans-serif&quot;;\">\u201cDarei uma raz\u00e3o propagand\u00edstica para come\u00e7ar a guerra, n\u00e3o importa se \u00e9 ela plaus\u00edvel ou n\u00e3o. Ao vencedor n\u00e3o se pergunta depois se ele disse ou n\u00e3o a verdade\u201d Discurso de Adolf Hitler, em 25 de outubro de 1939, poucos dias antes da invas\u00e3o da Pol\u00f4nia.<\/span><\/i><\/b><\/div>\n<div style=\"text-align: center;\"><\/div>\n<div style=\"text-align: center;\"><b style=\"color: #990000;\"><i><span style=\"font-family: &quot;Calibri&quot;,&quot;sans-serif&quot;;\"> <\/span><\/i><\/b><\/div>\n<div style=\"text-align: justify;\"><\/div>\n<div style=\"text-align: justify;\"><\/div>\n<div style=\"text-align: justify;\"><\/div>\n<div style=\"text-align: justify;\">&nbsp;&nbsp;<span style=\"color: #0c343d;\">&nbsp;&nbsp;&nbsp;&nbsp;&nbsp;&nbsp;<span style=\"font-size: large;\"><b> <\/b><\/span><\/span><span style=\"font-size: large;\"><b><span style=\"color: #0c343d;\">Pelo hist\u00f3rico de crimes cometidos pelos governos dos EUA \u00e9 mais f\u00e1cil acreditar em contos de fadas. A hist\u00f3ria da morte do terrorista Bin n\u00e3o convence. Existem v\u00e1rios detalhes obscuros. <\/span><\/b><\/span><\/div>\n<div style=\"color: #0c343d; text-align: justify;\"><span style=\"font-size: large;\"><b>&nbsp;&nbsp;&nbsp;&nbsp;&nbsp;&nbsp;&nbsp;&nbsp; Os EUA est\u00e3o atravessando uma crise econ\u00f4mica gigantesca, entre outros graves problemas de ordem social.&nbsp; H\u00e1 a necessidade de desviar a aten\u00e7\u00e3o do seu povo e nada melhor do momento certo para proclamar a morte do terrorista Bin, o que ir\u00e1 render altos dividendos pol\u00edticos e quem sabe mais algumas guerrinhas para fortalecer a ind\u00fastria b\u00e9lica com as suas ogivas recheadas de ur\u00e2nio empobrecido. <\/b><\/span><\/div>\n<div style=\"color: #0c343d; text-align: justify;\"><span style=\"font-size: large;\"><b>&nbsp;&nbsp;&nbsp;&nbsp;&nbsp;&nbsp;&nbsp;&nbsp; Nesse contexto, envolvendo esse personagem terrorista, existem ainda investiga\u00e7\u00f5es paralelas que denunciaram a exist\u00eancia de v\u00e1rios ind\u00edcios comprometedores contra a vers\u00e3o oficial do governo dos EUA com rela\u00e7\u00e3o \u00e0 destrui\u00e7\u00e3o das torres g\u00eameas e no atentado ao Pent\u00e1gono. Esses ind\u00edcios comprometedores para a vers\u00e3o oficial est\u00e3o sendo ocultados para a grande massa. Alguns, felizmente, publicados em document\u00e1rios, artigos e livros, como, por exemplo, &#8220;<u>Hitler venceu a guerra<\/u>&#8221; de Walter Graziano e &#8220;<u>Confiss\u00f5es de um Assassino Econ\u00f4mico<\/u>&#8221; de John Perkins, o qual n\u00e3o tem nada a ver com o terrorista, mas mostra a pol\u00edtica&nbsp; terrorista adotada pelos EUA em governos anteriores para com v\u00e1rios pa\u00edses. <\/b><\/span><\/div>\n<div style=\"color: #0c343d; text-align: justify;\"><span style=\"font-size: large;\"><b>&nbsp;&nbsp;&nbsp;&nbsp;&nbsp;&nbsp;&nbsp;&nbsp; Com certeza o mundo continuar\u00e1 um lugar inseguro e violento para se viver, principalmente para milh\u00f5es de pessoas pobres e miser\u00e1veis e outras tantas exclu\u00eddas por motivo raciais. N\u00e3o \u00e9 a morte desse bilion\u00e1rio terrorista que ir\u00e1 mudar para melhor a nossa violenta sociedade desumanizada e os interesses do grupo que realmente governa o planeta, agora em fase final de globaliza\u00e7\u00e3o. <\/b><\/span><\/div>\n<div style=\"color: #0c343d; text-align: justify;\"><span style=\"font-size: large;\"><b>&nbsp;&nbsp;&nbsp;&nbsp;&nbsp;&nbsp;&nbsp;&nbsp; Vejam que o terrorista j\u00e1 esteve entre beijos e abra\u00e7os com os EUA e de repente virou o inimigo n\u00famero um dessa Na\u00e7\u00e3o. Todos esses fatos devem de ser analisadas a ami\u00fade, com isen\u00e7\u00e3o de paix\u00f5es, pois a democracia ainda permite que as causas possam ser desvendadas de ambos os lados. \u00c9 ai que se vai descobrir os verdadeiros interesses, recheados de guerras econ\u00f4micas, petr\u00f3leo, sangue, globaliza\u00e7\u00e3o, mentiras que viram verdades etc. <\/b><\/span><\/div>\n<div style=\"color: #0c343d; text-align: justify;\"><span style=\"font-size: large;\"><b>&nbsp;&nbsp;&nbsp;&nbsp;&nbsp;&nbsp;&nbsp;&nbsp; Enfim h\u00e1 algo de muito podre no ar rondando os direitos humanos e a verdadeira democracia, paulatinamente, rumando para regimes totalit\u00e1rios disfar\u00e7ados de democratas.<\/b><\/span><\/div>\n<div style=\"color: #0c343d; text-align: justify;\"><span style=\"font-size: large;\"><b>&nbsp;&nbsp;&nbsp;&nbsp;&nbsp;&nbsp;&nbsp;&nbsp; Conv\u00e9m que estejamos sempre em alerta, procurando nas bordas dos acontecimentos internacionais e nacionais os detalhes aparentemente ocultos para a grande maioria da popula\u00e7\u00e3o, a qual \u00e9 continuamente manipulada e induzida por m\u00eddias colonizadas, principalmente atrav\u00e9s da emo\u00e7\u00e3o moment\u00e2nea que obscurece a voz da raz\u00e3o. <\/b><\/span><\/div>\n<div style=\"color: #0c343d; text-align: justify;\"><span style=\"font-size: large;\"><b>&nbsp;&nbsp;&nbsp;&nbsp;&nbsp;&nbsp;&nbsp;&nbsp; A guerra de terroristas contra terroristas vai continuar at\u00e9 o dom\u00ednio completo de toda a humanidade. Todos s\u00e3o de alta periculosidade e desumanos. <\/b><\/span><\/div>\n<div style=\"color: #0c343d; text-align: justify;\"><span style=\"font-size: large;\"><b>&nbsp;&nbsp;&nbsp;&nbsp;&nbsp;&nbsp;&nbsp;&nbsp; Acho que realmente Hitler venceu a guerra e estamos rumando, aos poucos, para o tipo de sociedade proposta no romance <u>Nineteen Eighty-four<\/u> (1984) escrito em 1949 por Eric Arthur Blair (George Orwell), <u>Laranja Mec\u00e2nica<\/u> de Anthony Burgess, escrito em 1962. Nesse contexto, existem outras excelentes obras esclarecedoras e entre as quais temos o livro <u>Inevit\u00e1vel Mundo Novo<\/u>, de Alexandre Freire, escrito em 2006,&nbsp; o livro <u>11 de Setembro<\/u> e a obra <u>Poder e Terrorismo<\/u>, publicado em 2002 e 2005, respectivamente, ambos por Noam Chomski, o maior intelectual humanista da humanidade. Esses livros ajudam a esclarecer um pouco mais a verdadeira e sombria realidade &nbsp;da palavra TERRORISMO e a vit\u00f3ria, aparente, da morte do terrorista Bin. <\/b><\/span><\/div>\n<div style=\"color: #0c343d; text-align: justify;\"><span style=\"font-size: large;\"><b>&nbsp;&nbsp;&nbsp;&nbsp;&nbsp;&nbsp;&nbsp;&nbsp; Portanto, bem vindos ao inevit\u00e1vel e admir\u00e1vel mundo novo!<\/b><\/span><\/div>\n<\/div>\n","protected":false},"excerpt":{"rendered":"<p>\u201cDarei uma raz\u00e3o propagand\u00edstica para come\u00e7ar a guerra, n\u00e3o importa se \u00e9 ela plaus\u00edvel ou n\u00e3o. Ao vencedor n\u00e3o se pergunta depois se ele disse ou n\u00e3o a verdade\u201d Discurso de Adolf Hitler, em 25 de outubro de 1939, poucos &hellip; <a href=\"https:\/\/vincit3.com.br\/index.php\/2011\/05\/04\/a-morte-do-terrorista-verdade-mentira-ou-manipulacao\/\">Continue lendo <span class=\"meta-nav\">&rarr;<\/span><\/a><\/p>\n","protected":false},"author":1,"featured_media":0,"comment_status":"open","ping_status":"open","sticky":false,"template":"","format":"standard","meta":{"footnotes":""},"categories":[646,643,647,641,618,644,245,18,642,648,645],"tags":[],"class_list":["post-186","post","type-post","status-publish","format-standard","hentry","category-11-de-setembro","category-belica","category-bin","category-chomski","category-crimes","category-fadas","category-guerra","category-hitler","category-pentagono","category-podre","category-uranio"],"_links":{"self":[{"href":"https:\/\/vincit3.com.br\/index.php\/wp-json\/wp\/v2\/posts\/186","targetHints":{"allow":["GET"]}}],"collection":[{"href":"https:\/\/vincit3.com.br\/index.php\/wp-json\/wp\/v2\/posts"}],"about":[{"href":"https:\/\/vincit3.com.br\/index.php\/wp-json\/wp\/v2\/types\/post"}],"author":[{"embeddable":true,"href":"https:\/\/vincit3.com.br\/index.php\/wp-json\/wp\/v2\/users\/1"}],"replies":[{"embeddable":true,"href":"https:\/\/vincit3.com.br\/index.php\/wp-json\/wp\/v2\/comments?post=186"}],"version-history":[{"count":0,"href":"https:\/\/vincit3.com.br\/index.php\/wp-json\/wp\/v2\/posts\/186\/revisions"}],"wp:attachment":[{"href":"https:\/\/vincit3.com.br\/index.php\/wp-json\/wp\/v2\/media?parent=186"}],"wp:term":[{"taxonomy":"category","embeddable":true,"href":"https:\/\/vincit3.com.br\/index.php\/wp-json\/wp\/v2\/categories?post=186"},{"taxonomy":"post_tag","embeddable":true,"href":"https:\/\/vincit3.com.br\/index.php\/wp-json\/wp\/v2\/tags?post=186"}],"curies":[{"name":"wp","href":"https:\/\/api.w.org\/{rel}","templated":true}]}}