{"id":182,"date":"2011-06-05T17:39:00","date_gmt":"2011-06-05T17:39:00","guid":{"rendered":"https:\/\/vincit3.com.br\/index.php\/2011\/06\/05\/os-mesmos-de-sempre\/"},"modified":"2011-06-05T17:39:00","modified_gmt":"2011-06-05T17:39:00","slug":"os-mesmos-de-sempre","status":"publish","type":"post","link":"https:\/\/vincit3.com.br\/index.php\/2011\/06\/05\/os-mesmos-de-sempre\/","title":{"rendered":"OS MESMOS DE SEMPRE"},"content":{"rendered":"<div dir=\"ltr\" style=\"text-align: left;\">\n<div>\n<h3 style=\"text-align: justify;\">&nbsp;&nbsp;&nbsp;&nbsp;&nbsp;&nbsp;&nbsp;&nbsp;&nbsp;<span style=\"font-family: Times,&quot;Times New Roman&quot;,serif; font-weight: normal;\"> O Senado Federal sempre  teve pessoas de car\u00e1ter duvidoso, eleitos por cidad\u00e3os miser\u00e1veis dos  grandes bols\u00f5es de mis\u00e9ria de todos os rinc\u00f5es do territ\u00f3rio nacional.  Rinc\u00f5es esses transformados em verdadeiros currais eleitorais a longas  d\u00e9cadas e abandonados pelo Estado.<\/span><\/h3>\n<h3 style=\"font-family: Times,&quot;Times New Roman&quot;,serif; font-weight: normal; text-align: justify;\">&nbsp;&nbsp;&nbsp;&nbsp;&nbsp;&nbsp;&nbsp;&nbsp;&nbsp; Algumas dessas pessoas,  eleitas dessa forma, sempre acabam revelando os seus verdadeiros e  p\u00e9rfidos interesses maquiav\u00e9licos. Deixam transparecer o lodo f\u00e9tido das  suas almas e acabam por contaminar o desenvolvimento social, \u00e9tico e  moral do nosso Pa\u00eds atrav\u00e9s da corrup\u00e7\u00e3o e do crime organizado  globalizado.<\/h3>\n<h3 style=\"font-family: Times,&quot;Times New Roman&quot;,serif; font-weight: normal; text-align: justify;\">&nbsp;&nbsp;&nbsp;&nbsp;&nbsp;&nbsp;&nbsp;&nbsp;&nbsp; Pessoas que, apesar de  in\u00fameras den\u00fancias ao longo das d\u00e9cadas, permanecem inc\u00f3lumes, sempre  atreladas ao poder, sempre ludibriando, arquitetando, mentindo,  enriquecendo \u00e0 custa do Estado etc. e assim v\u00e3o influenciando o  (in)desenvolvimento social do nosso Pa\u00eds. Para isto basta ver o n\u00edvel da  nossa educa\u00e7\u00e3o, o n\u00edvel da seguran\u00e7a prestada \u00e0 popula\u00e7\u00e3o, a impunidade  crescente dos crimes de corrup\u00e7\u00e3o e a p\u00e9ssima sa\u00fade p\u00fablica prestada  pelo Estado aos cidad\u00e3os, os quais s\u00e3o os pagadores dos mais altos  impostos do mundo e o retorno \u00e9 altamente duvidoso.<\/h3>\n<h3 style=\"font-family: Times,&quot;Times New Roman&quot;,serif; font-weight: normal; text-align: justify;\">&nbsp;&nbsp;&nbsp;&nbsp;&nbsp;&nbsp;&nbsp;&nbsp;&nbsp;&nbsp;&nbsp; Por esse caminho de tantos  desmando, esta semana ocorreu mais um pequeno detalhe, quase  insignificante, mas mostra a tentativa de escamotear acontecimentos  hist\u00f3ricos de grande import\u00e2ncia para as novas gera\u00e7\u00f5es. Na inaugura\u00e7\u00e3o  do Tunel do Tempo(<span style=\"color: red;\">1<\/span>), o qual  conta a hist\u00f3ria do Senado Federal, estava ausente o painel hist\u00f3rico  sobre o impeachment do ex-presidente Collor de Mello, agora Senador da  Rep\u00fablica, eleito pelo povo de Alagoas, um dos Estados mais pobres da  Federa\u00e7\u00e3o brasileira.<\/h3>\n<h3 style=\"font-family: Times,&quot;Times New Roman&quot;,serif; font-weight: normal; text-align: justify;\">&nbsp;&nbsp;&nbsp;&nbsp;&nbsp;&nbsp;&nbsp;&nbsp;&nbsp;&nbsp;&nbsp; Inquirido pela imprensa o  presidente do Senado Federal chegou a arg\u00fcir que o impeachment de Collor  foi apenas um \u201cacidente\u201d na Hist\u00f3ria do Brasil e n\u00e3o mereceria espa\u00e7o  na galeria.<\/h3>\n<h3 style=\"font-family: Times,&quot;Times New Roman&quot;,serif; font-weight: normal; text-align: justify;\">&nbsp;&nbsp;&nbsp;&nbsp;&nbsp;&nbsp;&nbsp;&nbsp;&nbsp;&nbsp;&nbsp; Felizmente, como houve muita repercuss\u00e3o negativa, o Senador Sarney ordenou que o painel fosse recolocado.<\/h3>\n<h3 style=\"font-family: Times,&quot;Times New Roman&quot;,serif; font-weight: normal; text-align: justify;\">&nbsp;&nbsp;&nbsp;&nbsp;&nbsp;&nbsp;&nbsp;&nbsp;&nbsp;&nbsp;&nbsp; Esse pequeno detalhe me fez  lembrar que ainda estamos vivendo dentro de um regime democr\u00e1tico,  apesar de imperfeito, apesar de tantos desmandos, ainda existem alguns  freios.<\/h3>\n<h3 style=\"font-family: Times,&quot;Times New Roman&quot;,serif; font-weight: normal; text-align: justify;\">&nbsp;&nbsp;&nbsp;&nbsp;&nbsp;&nbsp;&nbsp;&nbsp;&nbsp; Outrosssim, apesar das  in\u00fameras tentativas de alguns pol\u00edticos de tentar amorda\u00e7ar a imprensa e  outros segmentos da sociedade, al\u00e9m de tentarem distorcer fatos da  hist\u00f3ria do Brasil, fica demonstrado que alguns segmentos n\u00e3o est\u00e3o  totalmente dominados e permanecem atentos, prontos para denunciarem o  maquiavelismo de muitos pol\u00edticos oportunistas, corruptos e muitos  envolvidos em crimes de lesa-p\u00e1tria.<\/h3>\n<h3 style=\"font-family: Times,&quot;Times New Roman&quot;,serif; font-weight: normal; text-align: justify;\">&nbsp;&nbsp;&nbsp;&nbsp;&nbsp;&nbsp;&nbsp;&nbsp;&nbsp;&nbsp;&nbsp; Por essa vertente, para  poder entender um pouco da hist\u00f3ria e da perman\u00eancia na vida pol\u00edtica  desse Senador, o qual acha que o impeachment do ex-presidente envolvido  em corrup\u00e7\u00e3o \u00e9 apenas um detalhe insignificante, seria interessante que  todos os brasileiros pudessem ter a plena consci\u00eancia das manchetes do  passado e do presente, publicadas pela imprensa livre sobre a pessoa  desse pol\u00edtico e a leitura cr\u00edtica do livro \u201cHonor\u00e1veis Bandidos\u201d(<span style=\"color: red;\">2<\/span>), do corajoso jornalista investigativo Palm\u00e9rio D\u00f3ria, lan\u00e7ado em 2009.<\/h3>\n<h3 style=\"font-family: Times,&quot;Times New Roman&quot;,serif; font-weight: normal; text-align: justify;\">&nbsp;&nbsp;&nbsp;&nbsp;&nbsp;&nbsp;&nbsp;&nbsp;&nbsp;&nbsp;&nbsp; Quem adquirir esse livro  ir\u00e1 encontrar em seus cap\u00edtulos outros nomes de pol\u00edticos como, por  exemplo, o de Renan Calheiros, Romero Juc\u00e1, Edison Lob\u00e3o, Jader  Barbalho, Michel Temer etc., todos envolvidos na teia e diversas vezes  denunciados pela revista Veja e outras m\u00eddias.<\/h3>\n<h3 style=\"font-family: Times,&quot;Times New Roman&quot;,serif; font-weight: normal; text-align: justify;\">&nbsp;&nbsp;&nbsp;&nbsp;&nbsp;&nbsp;&nbsp;&nbsp;&nbsp;&nbsp;&nbsp; S\u00f3 lastimo que foram poucas  pessoas que j\u00e1 leram essa obra, pois a maioria da popula\u00e7\u00e3o \u00e9 avessa a  livros, obviamente influenciados por uma educa\u00e7\u00e3o p\u00fablica considerada  uma das piores do mundo, onde at\u00e9 mesmo um ex-presidente da Rep\u00fablica  chegou a comentar que ler \u00e9 chato demais.<\/h3>\n<h3 style=\"font-family: Times,&quot;Times New Roman&quot;,serif; font-weight: normal; text-align: justify;\">&nbsp;&nbsp;&nbsp;&nbsp;&nbsp;&nbsp;&nbsp;&nbsp;&nbsp;&nbsp; Para tanto, a t\u00edtulo de informa\u00e7\u00e3o, para os que se interessarem, coloquei uma pequena sinopse desse livro:<\/h3>\n<div style=\"clear: both; font-family: Times,&quot;Times New Roman&quot;,serif; text-align: center;\"><\/div>\n<h3 style=\"font-family: Times,&quot;Times New Roman&quot;,serif; font-weight: normal; text-align: justify;\"><a href=\"http:\/\/4.bp.blogspot.com\/-3WCeYa9F4Mk\/Teu9wAyDxTI\/AAAAAAAAAUA\/dDI48lAP_kk\/s1600\/2.+images.jpg\" style=\"clear: left; float: left; margin-bottom: 1em; margin-right: 1em;\"><img loading=\"lazy\" decoding=\"async\" border=\"0\" height=\"200\" src=\"http:\/\/4.bp.blogspot.com\/-3WCeYa9F4Mk\/Teu9wAyDxTI\/AAAAAAAAAUA\/dDI48lAP_kk\/s200\/2.+images.jpg\" width=\"137\" \/><\/a>&nbsp;&nbsp;&nbsp;&nbsp;&nbsp;&nbsp;&nbsp;&nbsp;&nbsp;&nbsp;&nbsp; <b><i>\u201c<\/i><\/b><i>Um  dos jornalistas mais respeitados do pa\u00eds conta os bastidores do  surgimento, enriquecimento e tomada do poder regional pela fam\u00edlia  Sarney. Do Maranh\u00e3o ao Senado, o livro mostra os cen\u00e1rios e hist\u00f3rias  protagonizadas pelo patriarca que virou presidente da Rep\u00fablica por  acidente, transformou o Maranh\u00e3o no quintal de sua casa e beneficiou  amigos e parentes. Com 50 anos de vida p\u00fablica, o pol\u00edtico mais antigo  em atividade no pa\u00eds enfrenta esc\u00e2ndalos e a opini\u00e3o p\u00fablica. \u00c9 a partir  da\u00ed que o livro puxa o fio da meada, utilizando as ferramentas do bom  jornalismo investigativo. Sempre com muito bom humor, o jornalista faz  um retrato do Brasil na era Sarney, os mandos e desmandos do senador e  seus filhos, no Maranh\u00e3o e no Congresso Nacional<b>\u201d<\/b>.<\/i><\/h3>\n<h3 style=\"font-family: Times,&quot;Times New Roman&quot;,serif; font-weight: normal; text-align: justify;\">&nbsp;&nbsp;&nbsp;&nbsp;&nbsp;&nbsp;&nbsp;&nbsp;&nbsp;&nbsp;&nbsp; Enfim, apesar de todas as  den\u00fancias de corrup\u00e7\u00e3o, esse pol\u00edtico e muitos outros continuam sendo  reeleitos a cada pleito, tendo v\u00e1rios de seus crimes j\u00e1 prescritos e  outros a prescreverem ainda este ano pela demora no judici\u00e1rio ou pela  utiliza\u00e7\u00e3o de dezenas de recursos por seus advogados. Tudo isso,  simplesmente escancara a impunidade e a incapacidade do povo de mudar a  hist\u00f3ria pol\u00edtica desse Pa\u00eds. Povo esse que \u00e9 controlado por diversos  mecanismos sutis de controle social e, mesmo sem saber, marcha, como uma  boiada mansa, em dire\u00e7\u00e3o ao matadouro da hist\u00f3ria do Brasil em mais de  quinhentos anos de corrup\u00e7\u00e3o.<\/h3>\n<h3 style=\"font-family: Times,&quot;Times New Roman&quot;,serif; font-weight: normal; text-align: justify;\">&nbsp;<\/h3>\n<p><a href=\"http:\/\/zerohora.clicrbs.com.br\/zerohora\/jsp\/default.jsp?uf=1&amp;local=1&amp;section=Pol%EDtica&amp;newsID=a3332079.xml\" title=\"Sarney determina inclus\u00e3o de painel sobre impeachment de Collor em exposi\u00e7\u00e3o\">(<span style=\"color: red;\">1<\/span>) <\/a><a href=\"http:\/\/zerohora.clicrbs.com.br\/zerohora\/jsp\/default.jsp?uf=1&amp;local=1&amp;section=Pol%EDtica&amp;newsID=a3332079.xml\" target=\"_blank\" title=\"Sarney determina inclus\u00e3o de painel sobre impeachment de Collor em exposi\u00e7\u00e3o\" rel=\"noopener\">http:\/\/zerohora.clicrbs.com.br\/zerohora\/jsp\/default.jsp?uf=1&amp;local=1&amp;section=Pol%EDtica&amp;newsID=a3332079.xml<\/a><br \/><a href=\"http:\/\/zerohora.clicrbs.com.br\/zerohora\/jsp\/default.jsp?uf=1&amp;local=1&amp;section=Pol%EDtica&amp;newsID=a3331856.htm\" target=\"_blank\" title=\"Senado diz que omiss\u00e3o do impeachment de Collor em exposi\u00e7\u00e3o foi op\u00e7\u00e3o de historiadores\" rel=\"noopener\">http:\/\/zerohora.clicrbs.com.br\/zerohora\/jsp\/default.jsp?uf=1&amp;local=1&amp;section=Pol%EDtica&amp;newsID=a3331856.htm<\/a><br \/><a href=\"http:\/\/veja.abril.com.br\/livros_mais_vendidos\/trechos\/honoraveis-bandidos.shtml\" title=\"Trecho de Honor\u00e1veis Bandidos, de Palm\u00e9rio D\u00f3ria   \">(<span style=\"color: red;\">2<\/span>) <\/a><a href=\"http:\/\/veja.abril.com.br\/livros_mais_vendidos\/trechos\/honoraveis-bandidos.shtml\" target=\"_blank\" title=\"Trecho de Honor\u00e1veis Bandidos, de Palm\u00e9rio D\u00f3ria\" rel=\"noopener\">http:\/\/veja.abril.com.br\/livros_mais_vendidos\/trechos\/honoraveis-bandidos.shtml<\/a><\/div>\n<\/div>\n","protected":false},"excerpt":{"rendered":"<p>&nbsp;&nbsp;&nbsp;&nbsp;&nbsp;&nbsp;&nbsp;&nbsp;&nbsp; O Senado Federal sempre teve pessoas de car\u00e1ter duvidoso, eleitos por cidad\u00e3os miser\u00e1veis dos grandes bols\u00f5es de mis\u00e9ria de todos os rinc\u00f5es do territ\u00f3rio nacional. Rinc\u00f5es esses transformados em verdadeiros currais eleitorais a longas d\u00e9cadas e abandonados pelo Estado. &hellip; <a href=\"https:\/\/vincit3.com.br\/index.php\/2011\/06\/05\/os-mesmos-de-sempre\/\">Continue lendo <span class=\"meta-nav\">&rarr;<\/span><\/a><\/p>\n","protected":false},"author":1,"featured_media":0,"comment_status":"open","ping_status":"open","sticky":false,"template":"","format":"standard","meta":{"footnotes":""},"categories":[621,623,311,599,622],"tags":[],"class_list":["post-182","post","type-post","status-publish","format-standard","hentry","category-alagoas","category-impeachment","category-impunidade","category-lesa-patria","category-painel"],"_links":{"self":[{"href":"https:\/\/vincit3.com.br\/index.php\/wp-json\/wp\/v2\/posts\/182","targetHints":{"allow":["GET"]}}],"collection":[{"href":"https:\/\/vincit3.com.br\/index.php\/wp-json\/wp\/v2\/posts"}],"about":[{"href":"https:\/\/vincit3.com.br\/index.php\/wp-json\/wp\/v2\/types\/post"}],"author":[{"embeddable":true,"href":"https:\/\/vincit3.com.br\/index.php\/wp-json\/wp\/v2\/users\/1"}],"replies":[{"embeddable":true,"href":"https:\/\/vincit3.com.br\/index.php\/wp-json\/wp\/v2\/comments?post=182"}],"version-history":[{"count":0,"href":"https:\/\/vincit3.com.br\/index.php\/wp-json\/wp\/v2\/posts\/182\/revisions"}],"wp:attachment":[{"href":"https:\/\/vincit3.com.br\/index.php\/wp-json\/wp\/v2\/media?parent=182"}],"wp:term":[{"taxonomy":"category","embeddable":true,"href":"https:\/\/vincit3.com.br\/index.php\/wp-json\/wp\/v2\/categories?post=182"},{"taxonomy":"post_tag","embeddable":true,"href":"https:\/\/vincit3.com.br\/index.php\/wp-json\/wp\/v2\/tags?post=182"}],"curies":[{"name":"wp","href":"https:\/\/api.w.org\/{rel}","templated":true}]}}