{"id":177,"date":"2011-07-19T16:35:00","date_gmt":"2011-07-19T16:35:00","guid":{"rendered":"https:\/\/vincit3.com.br\/index.php\/2011\/07\/19\/o-imbroglio-da-serra-raposa-do-sol-continua\/"},"modified":"2011-07-19T16:35:00","modified_gmt":"2011-07-19T16:35:00","slug":"o-imbroglio-da-serra-raposa-do-sol-continua","status":"publish","type":"post","link":"https:\/\/vincit3.com.br\/index.php\/2011\/07\/19\/o-imbroglio-da-serra-raposa-do-sol-continua\/","title":{"rendered":"O IMBR\u00d3GLIO DA SERRA RAPOSA DO SOL CONTINUA"},"content":{"rendered":"<div style=\"text-align: justify;\"><span style=\"font-size: 12pt; line-height: 115%;\">&nbsp;&nbsp;<span style=\"font-family: Georgia,&quot;Times New Roman&quot;,serif; font-size: small;\">&nbsp;&nbsp;&nbsp;&nbsp;&nbsp;&nbsp;&nbsp;<b>&nbsp;&nbsp; <\/b><\/span><span style=\"color: black; font-family: &quot;Helvetica Neue&quot;,Arial,Helvetica,sans-serif; font-size: small;\"><b>N\u00f3s \u00faltimos anos a popula\u00e7\u00e3o brasileira acompanhou o imbr\u00f3glio da gigantesca reserva ind\u00edgena Serra Raposa do Sol, no Estado de Roraima<span style=\"color: red;\">(1)<\/span>.<\/b><\/span><\/span><\/div>\n<div style=\"color: black; font-family: &quot;Helvetica Neue&quot;,Arial,Helvetica,sans-serif; text-align: justify;\"><span style=\"font-size: small;\"><b><span style=\"line-height: 115%;\">&nbsp;&nbsp;&nbsp;&nbsp;&nbsp;&nbsp;&nbsp;&nbsp;&nbsp;&nbsp;&nbsp; Todos sabem que essa regi\u00e3o \u00e9 uma das mais ricas em minerais do planeta Terra (tantalita, ur\u00e2nio, niobio, diatomito, torio etc.) e atrai a cobi\u00e7a daqueles que sempre exploraram os povos mais indefesos, inclusive levando ao extermino ou escravizando milhares de aut\u00f3ctones nos \u00faltimos quinhentos anos na \u00c1frica, Am\u00e9rica do Norte, Am\u00e9rica do Sul, Am\u00e9rica Central etc.<\/span><\/b><\/span><\/div>\n<div style=\"color: black; font-family: &quot;Helvetica Neue&quot;,Arial,Helvetica,sans-serif; text-align: justify;\"><span style=\"font-size: small;\"><b><span style=\"line-height: 115%;\">&nbsp;&nbsp;&nbsp;&nbsp;&nbsp;&nbsp;&nbsp;&nbsp;&nbsp;&nbsp;&nbsp; Particularmente acho muito necess\u00e1rio que ocorresse a demarca\u00e7\u00e3o para a preserva\u00e7\u00e3o dessa regi\u00e3o da gan\u00e2ncia de muitos maus brasileiros, da cleptocracia<span style=\"color: red;\">(2)<\/span> que, paulatinamente, est\u00e1 se instalando e de ONGs estrangeiras, muitas com interesses duvidosos sustentadas pelo G8<span style=\"color: red;\">(3)<\/span>. Que uma demarca\u00e7\u00e3o correta em forma de ilhas pudesse proporcionar, aos aut\u00f3ctones, um real desenvolvimento educacional de boa qualidade da realidade atual e hist\u00f3rica para a preserva\u00e7\u00e3o cultural e de conhecimentos milenares que podem se perder para sempre. Que pudesse proporcionar a auto-sustentabilidades, em harmonia total com os n\u00e3o \u00edndios da regi\u00e3o, principalmente com os mesti\u00e7os de familias seculares do local. <\/span><\/b><\/span><\/div>\n<div style=\"color: black; font-family: &quot;Helvetica Neue&quot;,Arial,Helvetica,sans-serif; text-align: justify; text-indent: 35.4pt;\"><span style=\"font-size: small;\"><b><span style=\"line-height: 115%;\">Por\u00e9m, da maneira como foi feita a demarca\u00e7\u00e3o, em forma cont\u00ednua, deixa bem transparente a press\u00e3o internacional e a leni\u00eancia de muitas autoridades da Rep\u00fablica brasileira para com os verdadeiros&nbsp; interesses alien\u00edgenas dessa&nbsp; riqu\u00edssima regi\u00e3o, a qual ainda \u00e9 brasileira. <\/span><\/b><\/span><\/div>\n<div style=\"color: black; font-family: &quot;Helvetica Neue&quot;,Arial,Helvetica,sans-serif; text-align: justify; text-indent: 35.4pt;\"><span style=\"font-size: small;\"><b><span style=\"line-height: 115%;\">Hoje os resultados dessa demarca\u00e7\u00e3o s\u00e3o bem vis\u00edveis, principalmente para quem vive em Boa Vista. Houve o surgimento de novas favelas em torno da cidade, as quais foram criadas por aqueles que foram expulsos pelo governo brasileiro da Serra Raposa do Sol.&nbsp; Muitas dessas pessoas possuiam documentos oficiais de posse a mais de cem anos e acabaram tendo os seus direitos de propriedade&nbsp; suprimidos por n\u00e3o serem \u00edndios. Fam\u00edlias, cujo um dos conjuges \u00e9 indigena, tamb\u00e9m foram expulsas. <\/span><\/b><\/span><span style=\"font-size: small;\"><b><span style=\"line-height: 115%;\">O pior \u00e9 que se observa o surgimento de um verdadeiro apartheid nessa regi\u00e3o com consequ\u00eancias imprevis\u00edveis.<\/span><\/b><\/span><\/div>\n<div style=\"color: black; font-family: &quot;Helvetica Neue&quot;,Arial,Helvetica,sans-serif; text-align: justify; text-indent: 35.4pt;\"><span style=\"font-size: small;\"><b><span style=\"line-height: 115%;\">Para piorar, centenas de \u00edndigenas est\u00e3o abandonando a regi\u00e3o Serra Raposa do Sol por j\u00e1 n\u00e3o terem mais estradas, trabalho, sa\u00fade, educa\u00e7\u00e3o e migram para Boa Vista, aumentando ainda mais a faveliza\u00e7\u00e3o nos arredores da cidade. Alguns ind\u00edgenas&nbsp; que mal falam a l\u00edngua portuguesa vivem dos restos dos dejetos recolhidos na cidade, os quais s\u00e3o depositados nos grandes lix\u00f5es. Uma trag\u00e9dia previamente anunciada. <\/span><\/b><\/span><\/div>\n<div style=\"color: black; font-family: &quot;Helvetica Neue&quot;,Arial,Helvetica,sans-serif; text-align: justify; text-indent: 35.4pt;\"><span style=\"font-size: small;\"><b><span style=\"line-height: 115%;\">S\u00e3o cenas extremamente tristes e decadentes, pois a demarca\u00e7\u00e3o pouco ajudou&nbsp; na melhoria de vida&nbsp; desses brasileiros marginalizados, incluindo os n\u00e3o \u00edndios expulsos. Essas cenas deveriam de servir para uma profunda reflex\u00e3o por parte das autoridades dos tr\u00eas poderes da Rep\u00fablica brasileira enquanto ainda h\u00e1 tempo.<\/span><\/b><\/span><\/div>\n<div style=\"font-family: &quot;Helvetica Neue&quot;,Arial,Helvetica,sans-serif; text-align: justify; text-indent: 35.4pt;\"><span style=\"font-size: small;\"><b><span style=\"line-height: 115%;\"><span style=\"color: black;\">Para entender um pouco mais, basta assistir os v\u00eddeos da reportagem feita pela Rede Bandeirantes, em julho\/2011, intitulada &#8220;Fronteira do Abandono&#8221; e a materia do blog Reinaldo Azevedo (VEJA) com o t\u00edtulo<\/span> <a href=\"http:\/\/veja.abril.com.br\/blog\/reinaldo\/geral\/raposa-serra-do-sol-%E2%80%93-os-miseraveis-que-o-stf-criou-com-a-antropologia-poetica-de-ayres-britto-nao-foi-falta-de-aviso\/\">&#8220;Raposa Serra do Sol &#8211; Os miser\u00e1veis que o STF criou com a antropologia po\u00e9tica de Ayres Britto. N\u00e3o foi falta de aviso!&#8221;&nbsp; <\/a><\/span><\/b><\/span><\/div>\n<h1><\/h1>\n<div style=\"font-family: Georgia,&quot;Times New Roman&quot;,serif; text-align: justify; text-indent: 35.4pt;\"><span style=\"font-size: small;\"><span style=\"font-size: 12pt; line-height: 115%;\"><b><span style=\"font-family: Times,&quot;Times New Roman&quot;,serif;\"><\/span><\/b><\/span><\/span><\/div>\n<div style=\"text-align: justify; text-indent: 35.4pt;\"><span style=\"font-size: 12pt; line-height: 115%;\"><br \/><\/span><\/div>\n<div style=\"clear: both; text-align: center;\"><object class codebase=\"http:\/\/download.macromedia.com\/pub\/shockwave\/cabs\/flash\/swflash.cab#version=6,0,40,0\" data-thumbnail-src=\"http:\/\/1.gvt0.com\/vi\/Mt3xcoOT-Sk\/0.jpg\" height=\"266\" width=\"320\"><param name=\"movie\" value=\"http:\/\/www.youtube.com\/v\/Mt3xcoOT-Sk&#038;fs=1&#038;source=uds\" \/><param name=\"bgcolor\" value=\"#FFFFFF\" \/><embed width=\"320\" height=\"266\"  src=\"http:\/\/www.youtube.com\/v\/Mt3xcoOT-Sk&#038;fs=1&#038;source=uds\" type=\"application\/x-shockwave-flash\"><\/embed><\/object><\/div>\n<div style=\"clear: both; text-align: center;\"><\/div>\n<div style=\"clear: both; text-align: center;\"><\/div>\n<div style=\"clear: both; text-align: center;\"><\/div>\n<div style=\"clear: both; text-align: center;\"><\/div>\n<div style=\"clear: both; text-align: center;\">&nbsp;<object class codebase=\"http:\/\/download.macromedia.com\/pub\/shockwave\/cabs\/flash\/swflash.cab#version=6,0,40,0\" data-thumbnail-src=\"http:\/\/3.gvt0.com\/vi\/ktRa01IzFcs\/0.jpg\" height=\"266\" width=\"320\"><param name=\"movie\" value=\"http:\/\/www.youtube.com\/v\/ktRa01IzFcs&#038;fs=1&#038;source=uds\" \/><param name=\"bgcolor\" value=\"#FFFFFF\" \/><embed width=\"320\" height=\"266\"  src=\"http:\/\/www.youtube.com\/v\/ktRa01IzFcs&#038;fs=1&#038;source=uds\" type=\"application\/x-shockwave-flash\"><\/embed><\/object><\/div>\n<div style=\"clear: both; text-align: center;\"><\/div>\n<div style=\"clear: both; text-align: center;\"><\/div>\n<div style=\"clear: both; text-align: center;\"><\/div>\n<div style=\"clear: both; text-align: center;\">&nbsp;&nbsp; <object width=\"320\" height=\"266\" class codebase=\"http:\/\/download.macromedia.com\/pub\/shockwave\/cabs\/flash\/swflash.cab#version=6,0,40,0\" data-thumbnail-src=\"http:\/\/0.gvt0.com\/vi\/6hya04eqJxg\/0.jpg\"><param name=\"movie\" value=\"http:\/\/www.youtube.com\/v\/6hya04eqJxg&#038;fs=1&#038;source=uds\" \/><param name=\"bgcolor\" value=\"#FFFFFF\" \/><embed width=\"320\" height=\"266\"  src=\"http:\/\/www.youtube.com\/v\/6hya04eqJxg&#038;fs=1&#038;source=uds\" type=\"application\/x-shockwave-flash\"><\/embed><\/object><\/div>\n<div style=\"clear: both; text-align: center;\"><\/div>\n<div style=\"clear: both; text-align: left;\"><span style=\"color: red;\">(1)<\/span> <a href=\"http:\/\/vincit3.blogspot.com\/search?q=tantalita\">http:\/\/vincit3.blogspot.com\/search?q=tantalita<\/a><\/div>\n<div style=\"text-align: justify;\"><span style=\"color: red;\">(2) <span style=\"color: black;\">A palavra <\/span><\/span><b style=\"color: black;\">Cleptocracia<\/b><span style=\"color: black;\">, de origem grega, significa literalmente \u201cEstado governado por ladr\u00f5es\u201d. A cleptocracia ocorre quando uma na\u00e7\u00e3o deixa de ser governada por um Estado de Direito imparcial e passa a ser governada pelo <\/span><b style=\"color: black;\">poder discricion\u00e1rio de pessoas que tomaram o poder pol\u00edtico<\/b><span style=\"color: black;\"> nos diversos n\u00edveis e que conseguem transformar esse poder pol\u00edtico em valor econ\u00f4mico, por diversos modos.<\/span><\/div>\n<div style=\"color: black;\"> <\/div>\n<div style=\"color: black; text-align: justify;\">O Estado passa a funcionar como uma m\u00e1quina de extra\u00e7\u00e3o de renda ilegal da sociedade, isto \u00e9, popula\u00e7\u00e3o como um todo, em contraposi\u00e7\u00e3o \u00e0 m\u00e1quina de extra\u00e7\u00e3o de renda legal, o sistema de cobran\u00e7a de impostos, taxas e tributos dos Estados que vivem em um regime n\u00e3o-cleptocr\u00e1tico.<\/div>\n<div style=\"color: black; text-align: justify;\"> <\/div>\n<div style=\"color: black; text-align: justify;\">Todos os Estados tendem a se tornar cleptocratas se n\u00e3o ocorrer um combate real pelos cidad\u00e3os,  em sociedade. Em economia, a capacidade de os cidad\u00e3os combaterem a  instaura\u00e7\u00e3o do Estado cleptocr\u00e1tico \u00e9 fortemente correlacionada ao capital social da sociedade.<\/div>\n<div style=\"color: black; text-align: justify;\"> <\/div>\n<div style=\"color: black; text-align: justify;\">A fase \u201ccleptocr\u00e1tica\u201d do Estado ocorre quando a maior parte de  sistema p\u00fablico governamental \u00e9 capturada por pessoas que praticam corrup\u00e7\u00e3o pol\u00edtica (Origem: Wikip\u00e9dia).<\/div>\n<div style=\"clear: both; text-align: justify;\"><span style=\"color: red;\">(3)<\/span> <b style=\"color: black;\">G8<\/b><span style=\"color: black;\"> \u00e9 um grupo internacional de sete pa\u00edses mais industrializados e desenvolvidos economicamente do mundo, mais a R\u00fassia. Todos os pa\u00edses se dizem na\u00e7\u00f5es democr\u00e1ticas: Estados Unidos, Jap\u00e3o, Alemanha, Reino Unido, Fran\u00e7a, It\u00e1lia e o Canad\u00e1 (antigo G7) e agora a inclus\u00e3o da R\u00fassia que possui um grande arsenal nuclear enferrujado intimidativo.<\/span><\/div>\n<div style=\"text-align: justify; text-indent: 35.4pt;\"><span style=\"font-size: 12pt; line-height: 115%;\"><a name='more'><\/a><\/span><\/div>\n","protected":false},"excerpt":{"rendered":"<p>&nbsp;&nbsp;&nbsp;&nbsp;&nbsp;&nbsp;&nbsp;&nbsp;&nbsp;&nbsp;&nbsp; N\u00f3s \u00faltimos anos a popula\u00e7\u00e3o brasileira acompanhou o imbr\u00f3glio da gigantesca reserva ind\u00edgena Serra Raposa do Sol, no Estado de Roraima(1). &nbsp;&nbsp;&nbsp;&nbsp;&nbsp;&nbsp;&nbsp;&nbsp;&nbsp;&nbsp;&nbsp; Todos sabem que essa regi\u00e3o \u00e9 uma das mais ricas em minerais do planeta Terra (tantalita, ur\u00e2nio, &hellip; <a href=\"https:\/\/vincit3.com.br\/index.php\/2011\/07\/19\/o-imbroglio-da-serra-raposa-do-sol-continua\/\">Continue lendo <span class=\"meta-nav\">&rarr;<\/span><\/a><\/p>\n","protected":false},"author":1,"featured_media":0,"comment_status":"open","ping_status":"open","sticky":false,"template":"","format":"standard","meta":{"footnotes":""},"categories":[602,605,603,604],"tags":[],"class_list":["post-177","post","type-post","status-publish","format-standard","hentry","category-antropologia","category-fronteira-do-abandono","category-miseraveis","category-serra-raposa-do-sol"],"_links":{"self":[{"href":"https:\/\/vincit3.com.br\/index.php\/wp-json\/wp\/v2\/posts\/177","targetHints":{"allow":["GET"]}}],"collection":[{"href":"https:\/\/vincit3.com.br\/index.php\/wp-json\/wp\/v2\/posts"}],"about":[{"href":"https:\/\/vincit3.com.br\/index.php\/wp-json\/wp\/v2\/types\/post"}],"author":[{"embeddable":true,"href":"https:\/\/vincit3.com.br\/index.php\/wp-json\/wp\/v2\/users\/1"}],"replies":[{"embeddable":true,"href":"https:\/\/vincit3.com.br\/index.php\/wp-json\/wp\/v2\/comments?post=177"}],"version-history":[{"count":0,"href":"https:\/\/vincit3.com.br\/index.php\/wp-json\/wp\/v2\/posts\/177\/revisions"}],"wp:attachment":[{"href":"https:\/\/vincit3.com.br\/index.php\/wp-json\/wp\/v2\/media?parent=177"}],"wp:term":[{"taxonomy":"category","embeddable":true,"href":"https:\/\/vincit3.com.br\/index.php\/wp-json\/wp\/v2\/categories?post=177"},{"taxonomy":"post_tag","embeddable":true,"href":"https:\/\/vincit3.com.br\/index.php\/wp-json\/wp\/v2\/tags?post=177"}],"curies":[{"name":"wp","href":"https:\/\/api.w.org\/{rel}","templated":true}]}}