{"id":158,"date":"2012-04-01T14:59:00","date_gmt":"2012-04-01T14:59:00","guid":{"rendered":"https:\/\/vincit3.com.br\/index.php\/2012\/04\/01\/o-que-podemos-esperar-deles\/"},"modified":"2012-04-01T14:59:00","modified_gmt":"2012-04-01T14:59:00","slug":"o-que-podemos-esperar-deles","status":"publish","type":"post","link":"https:\/\/vincit3.com.br\/index.php\/2012\/04\/01\/o-que-podemos-esperar-deles\/","title":{"rendered":"O QUE PODEMOS ESPERAR DELES?"},"content":{"rendered":"<div dir=\"ltr\" style=\"text-align: left;\">\n<div style=\"text-align: justify;\"><span style=\"color: #0c343d; font-size: large;\">&#8211; O Sr. Rom\u00e1rio comentou(1) apenas aquilo que o povo j\u00e1 sabe, na terra da impunidade e da corrup\u00e7\u00e3o. \u00c9 apenas mais um passo para o estado an\u00f3mico(2).&nbsp;<\/span><\/div>\n<div style=\"text-align: justify;\"><span style=\"color: #0c343d; font-size: large;\">&#8211; Perdeu-s a muito tempo a \u00e9tica, a moral, o discernimento, o civismo e,&nbsp;obviamente, o pr\u00f3prio nacionalismo. &nbsp;O que conta \u00e9 a famosa &#8220;Lei de Gerson&#8221;, muito dinheiro no bolso, vantagens n\u00e3o importando o meio a ser empregado, o resto \u00e9 pura bobagem.<\/span><\/div>\n<div style=\"text-align: justify;\"><span style=\"color: #0c343d; font-size: large;\">&#8211; Vejam tr\u00eas t\u00f3picos do pensamento desse pol\u00edtico raro e corajoso?&nbsp;<\/span><\/div>\n<div style=\"text-align: justify;\"><span style=\"font-size: large;\"><br \/><\/span><\/div>\n<div style=\"text-align: justify;\"><i><span style=\"color: red; font-size: large;\"><b>&#8220;Evito frequentar os mesmos lugares que os pol\u00edticos. Na verdade, fujo deles. N\u00e3o \u00e9 por nada, n\u00e3o, mas, com exce\u00e7\u00e3o de um ou outro, prefiro esbarrar com essa turma s\u00f3 nos corredores do Congresso&#8221;.<\/b><\/span><\/i><\/div>\n<div style=\"text-align: justify;\"><span style=\"color: red; font-size: large;\"><b><br \/><\/b><\/span><\/div>\n<div style=\"text-align: justify;\"><i><span style=\"color: red; font-size: large;\"><b>&#8220;Fiz amizade com um pessoal, mas, vou lhe dizer uma coisa, ali s\u00f3 uma minoria de gente vale a pena conhecer. De mais de 500 deputados, uns 400 n\u00e3o querem saber de nada. Nada mesmo. D\u00e3o as caras, colocam a digital para marcar presen\u00e7a e se mandam. Vejo isso o tempo todo. Virou cena t\u00e3o comum que ningu\u00e9m demonstra um pingo de&nbsp;constrangimento&nbsp;em fazer teatro. Muita gente ali ocupa &nbsp;cargo de l\u00edder, \u00e9 tratada como autoridade, mas est\u00e1 no quarto mandato e nunca prop\u00f4s nem uma emendazinha. Como pode? Passam anos no bem-bom do poder sem cumprir uma v\u00edrgula do que prometeram. Mas, quando v\u00e3o \u00e0 tribuna, os caras falam bonito que s\u00f3 vendo&#8221;.<\/b><\/span><\/i><\/div>\n<div style=\"text-align: justify;\"><i><span style=\"color: red; font-size: large;\"><b><br \/><\/b><\/span><\/i><\/div>\n<div style=\"text-align: justify;\"><i><span style=\"color: red; font-size: large;\"><b>&#8220;Todo mundo acha que no alto clero do Congresso est\u00e1 a nata da nata. Pois o que mais tem no andar de cima \u00e9 gente no \u00f3cio, quando n\u00e3o est\u00e1 metida em pilantragem&#8221; .<\/b><\/span><\/i><\/div>\n<div style=\"text-align: center;\"><i><b><span style=\"font-size: large;\">-.-.-.-.-.-.-.-.-.-.-.-.-<\/span><\/b><\/i><\/div>\n<div style=\"text-align: justify;\"><span style=\"font-size: large;\"><b><i><br \/><\/i><\/b><\/span><\/div>\n<p><i>(1) REVISTA VEJA. Eles n\u00e3o querem saber de nada. S\u00e3o Paulo.Ed. 2261, p. 15, 21\/03\/2012.&nbsp;<\/i><br \/><i>(2) Waldmann, Waldmann. El Estado An\u00f3mico. Iberoamericana. Madrid, 2006.&nbsp;<\/i><br \/><i><br \/><\/i><\/p>\n<p><\/div>\n","protected":false},"excerpt":{"rendered":"<p>&#8211; O Sr. Rom\u00e1rio comentou(1) apenas aquilo que o povo j\u00e1 sabe, na terra da impunidade e da corrup\u00e7\u00e3o. \u00c9 apenas mais um passo para o estado an\u00f3mico(2).&nbsp; &#8211; Perdeu-s a muito tempo a \u00e9tica, a moral, o discernimento, o &hellip; <a href=\"https:\/\/vincit3.com.br\/index.php\/2012\/04\/01\/o-que-podemos-esperar-deles\/\">Continue lendo <span class=\"meta-nav\">&rarr;<\/span><\/a><\/p>\n","protected":false},"author":1,"featured_media":0,"comment_status":"open","ping_status":"open","sticky":false,"template":"","format":"standard","meta":{"footnotes":""},"categories":[463,462,464,465,461,460],"tags":[],"class_list":["post-158","post","type-post","status-publish","format-standard","hentry","category-anomico","category-clero","category-congresso","category-lei-de-gerson","category-pilantragem","category-tribuna"],"_links":{"self":[{"href":"https:\/\/vincit3.com.br\/index.php\/wp-json\/wp\/v2\/posts\/158","targetHints":{"allow":["GET"]}}],"collection":[{"href":"https:\/\/vincit3.com.br\/index.php\/wp-json\/wp\/v2\/posts"}],"about":[{"href":"https:\/\/vincit3.com.br\/index.php\/wp-json\/wp\/v2\/types\/post"}],"author":[{"embeddable":true,"href":"https:\/\/vincit3.com.br\/index.php\/wp-json\/wp\/v2\/users\/1"}],"replies":[{"embeddable":true,"href":"https:\/\/vincit3.com.br\/index.php\/wp-json\/wp\/v2\/comments?post=158"}],"version-history":[{"count":0,"href":"https:\/\/vincit3.com.br\/index.php\/wp-json\/wp\/v2\/posts\/158\/revisions"}],"wp:attachment":[{"href":"https:\/\/vincit3.com.br\/index.php\/wp-json\/wp\/v2\/media?parent=158"}],"wp:term":[{"taxonomy":"category","embeddable":true,"href":"https:\/\/vincit3.com.br\/index.php\/wp-json\/wp\/v2\/categories?post=158"},{"taxonomy":"post_tag","embeddable":true,"href":"https:\/\/vincit3.com.br\/index.php\/wp-json\/wp\/v2\/tags?post=158"}],"curies":[{"name":"wp","href":"https:\/\/api.w.org\/{rel}","templated":true}]}}