{"id":124,"date":"2013-12-30T15:00:00","date_gmt":"2013-12-30T15:00:00","guid":{"rendered":"https:\/\/vincit3.com.br\/index.php\/2013\/12\/30\/que-pais-queremos-de-fato\/"},"modified":"2013-12-30T15:00:00","modified_gmt":"2013-12-30T15:00:00","slug":"que-pais-queremos-de-fato","status":"publish","type":"post","link":"https:\/\/vincit3.com.br\/index.php\/2013\/12\/30\/que-pais-queremos-de-fato\/","title":{"rendered":"QUE PA\u00cdS QUEREMOS DE FATO?"},"content":{"rendered":"<div style=\"text-align: justify;\"><b><span style=\"color: #20124d;\">&#8211; Algumas vezes tenho vontade de abandonar esse blog, quando vejo que o dia que passou, os meses que passaram, os anos que passaram, pouca coisa mudou no contexto da viol\u00eancia social, econ\u00f4mica e, principalmente a &nbsp;criminal, &nbsp;a qual atualmente atinge a patamares hist\u00f3ricos, fazendo com que sejamos a sexta na\u00e7\u00e3o mais violenta do mundo. Em pouco tempo estaremos ocupando o&nbsp;primeir\u00edssimo&nbsp;lugar. &nbsp;&nbsp;<\/span><\/b><\/div>\n<div style=\"text-align: justify;\"><b><span style=\"color: #20124d;\">&#8211; Neste contexto temos o circo do mensal\u00e3o, o qual continua rendendo muito para os incautos observadores, por\u00e9m basta olhar nas bordas dos acontecimentos sociais e econ\u00f4micos para se verificar que a hist\u00f3ria \u00e9 bem diferente. Que esses foram apenas alguns dos&nbsp;criminosos que receberam brandas senten\u00e7as. Falta outros&nbsp;criminosos&nbsp;de&nbsp;gest\u00f5es&nbsp;anteriores a Dilma e Lula. A faxina deveria de ser completa e para todos desde o fim dos governos militares.&nbsp;<\/span><\/b><\/div>\n<div style=\"text-align: justify;\"><b><span style=\"color: #20124d;\">&#8211; Deixo abaixo apenas dois gr\u00e1ficos &nbsp;para que se fa\u00e7a uma reflex\u00e3o sobre como a arrecada\u00e7\u00e3o dos nossos impostos, um dos mais altos do mundo, est\u00e1 sendo repartido. Essa&nbsp;m\u00e1&nbsp;reparti\u00e7\u00e3o deveria de ser questionada pela popula\u00e7\u00e3o, por\u00e9m essa mesma popula\u00e7\u00e3o teria que ter muito conhecimento, cidadania, moral e civismo para conseguir enxergar as causas que levam a tal fato e agir de maneira adequada para reverter essa festan\u00e7a da reparti\u00e7\u00e3o do bolo, a qual&nbsp;beneficia&nbsp;a poucos,&nbsp;principalmente&nbsp;os 42,42% para 2014 e os 35,57% de 2009, da d\u00edvida para com banqueiros e megacorpora\u00e7\u00f5es econ\u00f4micas. \u00c9 bom observar que ainda temos os&nbsp;criminosos&nbsp;desvios bilion\u00e1rios da arrecada\u00e7\u00e3o. Com a palavra os corruptos e&nbsp;corruptores!&nbsp;<\/span><\/b><\/div>\n<div style=\"text-align: justify;\"><b><span style=\"color: #20124d;\">&#8211; Enfim est\u00e1 m\u00e1&nbsp;distribui\u00e7\u00e3o&nbsp;tamb\u00e9m \u00e9 uma das causas da viol\u00eancia e do nosso atraso tecnol\u00f3gico &nbsp;a que somos submetidos&nbsp;diariamente&nbsp;pelos&nbsp;gerentes&nbsp;do Brasil a longas d\u00e9cadas.<\/span><\/b><\/div>\n<div style=\"text-align: justify;\"><b>&nbsp;&nbsp;<\/b><\/div>\n<div style=\"text-align: justify;\"><b>OR\u00c7AMENTO &nbsp;GERAL DA UNI\u00c3O PREVIS\u00c3O PARA 2014.<\/b><\/div>\n<div style=\"clear: both; text-align: center;\"><a href=\"http:\/\/4.bp.blogspot.com\/-yELeLkMM0K0\/UsF6_QLQAHI\/AAAAAAAAAhU\/ppXKaQOXgh0\/s1600\/divida-fatorelli.jpg\" style=\"margin-left: 1em; margin-right: 1em;\"><img decoding=\"async\" border=\"0\" src=\"http:\/\/4.bp.blogspot.com\/-yELeLkMM0K0\/UsF6_QLQAHI\/AAAAAAAAAhU\/ppXKaQOXgh0\/s1600\/divida-fatorelli.jpg\" \/><\/a><\/div>\n<div style=\"text-align: justify;\"><b>&nbsp;&nbsp;<\/b><\/div>\n<div style=\"text-align: justify;\"><b>OR\u00c7AMENTO GERAL DA UNI\u00c3O EM 2009.<\/b><\/div>\n<div style=\"clear: both; text-align: center;\"><a href=\"http:\/\/2.bp.blogspot.com\/-rctznSGQKpw\/UsGD2Y8cKfI\/AAAAAAAAAhk\/CqhrLw4BPuE\/s1600\/GR%C3%81FICO+OR%C3%87AMENTO+GERAL+DA+UNI%C3%83O.jpg\" style=\"margin-left: 1em; margin-right: 1em;\"><img decoding=\"async\" border=\"0\" src=\"http:\/\/2.bp.blogspot.com\/-rctznSGQKpw\/UsGD2Y8cKfI\/AAAAAAAAAhk\/CqhrLw4BPuE\/s1600\/GR%C3%81FICO+OR%C3%87AMENTO+GERAL+DA+UNI%C3%83O.jpg\" \/><\/a><\/div>\n<div style=\"text-align: justify;\"><b><br \/><\/b><\/div>\n","protected":false},"excerpt":{"rendered":"<p>&#8211; Algumas vezes tenho vontade de abandonar esse blog, quando vejo que o dia que passou, os meses que passaram, os anos que passaram, pouca coisa mudou no contexto da viol\u00eancia social, econ\u00f4mica e, principalmente a &nbsp;criminal, &nbsp;a qual atualmente &hellip; <a href=\"https:\/\/vincit3.com.br\/index.php\/2013\/12\/30\/que-pais-queremos-de-fato\/\">Continue lendo <span class=\"meta-nav\">&rarr;<\/span><\/a><\/p>\n","protected":false},"author":1,"featured_media":0,"comment_status":"open","ping_status":"open","sticky":false,"template":"","format":"standard","meta":{"footnotes":""},"categories":[275,273,274,277,271,276,272,242],"tags":[],"class_list":["post-124","post","type-post","status-publish","format-standard","hentry","category-arrecadacao","category-corruptores","category-corruptos","category-divida","category-mensalao","category-orcamento","category-uniao","category-violencia"],"_links":{"self":[{"href":"https:\/\/vincit3.com.br\/index.php\/wp-json\/wp\/v2\/posts\/124","targetHints":{"allow":["GET"]}}],"collection":[{"href":"https:\/\/vincit3.com.br\/index.php\/wp-json\/wp\/v2\/posts"}],"about":[{"href":"https:\/\/vincit3.com.br\/index.php\/wp-json\/wp\/v2\/types\/post"}],"author":[{"embeddable":true,"href":"https:\/\/vincit3.com.br\/index.php\/wp-json\/wp\/v2\/users\/1"}],"replies":[{"embeddable":true,"href":"https:\/\/vincit3.com.br\/index.php\/wp-json\/wp\/v2\/comments?post=124"}],"version-history":[{"count":0,"href":"https:\/\/vincit3.com.br\/index.php\/wp-json\/wp\/v2\/posts\/124\/revisions"}],"wp:attachment":[{"href":"https:\/\/vincit3.com.br\/index.php\/wp-json\/wp\/v2\/media?parent=124"}],"wp:term":[{"taxonomy":"category","embeddable":true,"href":"https:\/\/vincit3.com.br\/index.php\/wp-json\/wp\/v2\/categories?post=124"},{"taxonomy":"post_tag","embeddable":true,"href":"https:\/\/vincit3.com.br\/index.php\/wp-json\/wp\/v2\/tags?post=124"}],"curies":[{"name":"wp","href":"https:\/\/api.w.org\/{rel}","templated":true}]}}