{"id":103,"date":"2016-01-01T10:23:00","date_gmt":"2016-01-01T10:23:00","guid":{"rendered":"https:\/\/vincit3.com.br\/index.php\/2016\/01\/01\/o-ano-de-2016-pode-ser-o-ano-da-mudanca\/"},"modified":"2016-01-01T10:23:00","modified_gmt":"2016-01-01T10:23:00","slug":"o-ano-de-2016-pode-ser-o-ano-da-mudanca","status":"publish","type":"post","link":"https:\/\/vincit3.com.br\/index.php\/2016\/01\/01\/o-ano-de-2016-pode-ser-o-ano-da-mudanca\/","title":{"rendered":"O ANO DE 2016 PODE SER O ANO DA MUDAN\u00c7A"},"content":{"rendered":"<div style=\"text-align: justify;\"><b>O primeiro dia do calend\u00e1rio gregoriano do ano de 2016. Este poder\u00e1 ser para muitos um ano para a expans\u00e3o da consci\u00eancia. Um ano para o crescimento interior, um ano para varrer a ignor\u00e2ncia atrav\u00e9s do conhecimento. Um ano para compreendermos que o mal \u00e9 o bem n\u00e3o existem e sim a ignor\u00e2ncia e o conhecimento. A ignor\u00e2ncia que escraviza, que manipula e condiciona e o conhecimento que rompe os grilh\u00f5es da ignor\u00e2ncia. Que o ano gregoriano de 2016 seja o ano do conhecimento para todos e todas e o resto vira por acr\u00e9scimo, transformando a nossa vida e a sociedade humana em algo bem melhor. Namast\u00ea a todos e a todas!<\/b><br \/><b><br \/><\/b><\/p>\n<div style=\"clear: both; text-align: center;\"><\/div>\n<div style=\"clear: both; text-align: center;\"><iframe loading=\"lazy\" width=\"320\" height=\"266\" data-thumbnail-src=\"https:\/\/i.ytimg.com\/vi\/k5R68bbpZ14\/0.jpg\" src=\"https:\/\/www.youtube.com\/embed\/k5R68bbpZ14?feature=player_embedded\" frameborder=\"0\" allowfullscreen><\/iframe><\/div>\n<p><b><br \/><\/b><\/div>\n","protected":false},"excerpt":{"rendered":"<p>O primeiro dia do calend\u00e1rio gregoriano do ano de 2016. Este poder\u00e1 ser para muitos um ano para a expans\u00e3o da consci\u00eancia. Um ano para o crescimento interior, um ano para varrer a ignor\u00e2ncia atrav\u00e9s do conhecimento. Um ano para &hellip; <a href=\"https:\/\/vincit3.com.br\/index.php\/2016\/01\/01\/o-ano-de-2016-pode-ser-o-ano-da-mudanca\/\">Continue lendo <span class=\"meta-nav\">&rarr;<\/span><\/a><\/p>\n","protected":false},"author":1,"featured_media":0,"comment_status":"open","ping_status":"open","sticky":false,"template":"","format":"standard","meta":{"footnotes":""},"categories":[1],"tags":[],"class_list":["post-103","post","type-post","status-publish","format-standard","hentry","category-uncategorized"],"_links":{"self":[{"href":"https:\/\/vincit3.com.br\/index.php\/wp-json\/wp\/v2\/posts\/103","targetHints":{"allow":["GET"]}}],"collection":[{"href":"https:\/\/vincit3.com.br\/index.php\/wp-json\/wp\/v2\/posts"}],"about":[{"href":"https:\/\/vincit3.com.br\/index.php\/wp-json\/wp\/v2\/types\/post"}],"author":[{"embeddable":true,"href":"https:\/\/vincit3.com.br\/index.php\/wp-json\/wp\/v2\/users\/1"}],"replies":[{"embeddable":true,"href":"https:\/\/vincit3.com.br\/index.php\/wp-json\/wp\/v2\/comments?post=103"}],"version-history":[{"count":0,"href":"https:\/\/vincit3.com.br\/index.php\/wp-json\/wp\/v2\/posts\/103\/revisions"}],"wp:attachment":[{"href":"https:\/\/vincit3.com.br\/index.php\/wp-json\/wp\/v2\/media?parent=103"}],"wp:term":[{"taxonomy":"category","embeddable":true,"href":"https:\/\/vincit3.com.br\/index.php\/wp-json\/wp\/v2\/categories?post=103"},{"taxonomy":"post_tag","embeddable":true,"href":"https:\/\/vincit3.com.br\/index.php\/wp-json\/wp\/v2\/tags?post=103"}],"curies":[{"name":"wp","href":"https:\/\/api.w.org\/{rel}","templated":true}]}}