{"id":102,"date":"2016-01-07T18:00:00","date_gmt":"2016-01-07T18:00:00","guid":{"rendered":"https:\/\/vincit3.com.br\/index.php\/2016\/01\/07\/a-revolucao-bate-a-nossa-porta\/"},"modified":"2016-01-07T18:00:00","modified_gmt":"2016-01-07T18:00:00","slug":"a-revolucao-bate-a-nossa-porta","status":"publish","type":"post","link":"https:\/\/vincit3.com.br\/index.php\/2016\/01\/07\/a-revolucao-bate-a-nossa-porta\/","title":{"rendered":"A  REVOLU\u00c7\u00c3O BATE A NOSSA PORTA"},"content":{"rendered":"<div style=\"text-align: justify;\">Acabei de receber por E.Mail. Foi escrita por um homem com mais de 90 anos. Eu apenas complementaria com o seguinte pensamento: A cria\u00e7\u00e3o dessa Rep\u00fablica foi um grave erro. Hoje, ela apodreceu de vez, sem moral, sem \u00e9tica e est\u00e1 nas m\u00e3os de criminosos, com raras e honrosas exce\u00e7\u00f5es. O povo se debate entre a ignor\u00e2ncia e o conhecimento, acabando por prevalecer a ignor\u00e2ncia para que o dom\u00ednio e a manipula\u00e7\u00e3o seja perfeita, por\u00e9m jamais justa.<\/div>\n<div style=\"text-align: justify;\"><\/div>\n<div style=\"text-align: justify;\"><b><span style=\"color: #20124d;\">A &nbsp;REVOLU\u00c7\u00c3O BATE A NOSSA PORTA. Doc. 02 -2016 &#8211; REPASSE. A GUERRA \u00c9 DE CONSCI\u00caNCIA<\/span><\/b><\/div>\n<div style=\"text-align: justify;\"><b><span style=\"color: #20124d;\"><br \/><\/span><\/b><\/div>\n<div style=\"text-align: justify;\"><b><span style=\"color: #20124d;\">J\u00e1 fiz carta. J\u00e1 fiz artigo. J\u00e1 tive artigo publicado na Folha de S\u00e3o Paulo. J\u00e1 vi a fome em v\u00e1rios lugares. J\u00e1 vi a morte &nbsp;de perto. J\u00e1 comandei as Pol\u00edcias do &nbsp;Piau\u00ed e de S\u00e3o Paulo. J\u00e1 vi a pior das mis\u00e9rias humanas, que \u00e9 a falta de car\u00e1ter. J\u00e1 vi a droga destruindo a minha juventude, em S\u00e3o Paulo. &nbsp;J\u00e1 vi crian\u00e7as jogadas nos dep\u00f3sitos infectos e ro\u00eddas pelos ratos. J\u00e1 vi a falta &nbsp;de amor. J\u00e1 vi o meu Brasil, de norte ao sul e de leste a oeste. Vi o \u00edndio sendo explorado. J\u00e1 chorei ao lado de uma m\u00e3e que desesperada dizia-me que o filho era ladr\u00e3o. Fiz parte da Comiss\u00e3o Especial de Investiga\u00e7\u00e3o no Governo do Dr. Itamar Franco. J\u00e1 fui Provedor de santa Casa e Presidente de Abrigo para idosos e revolta-me O Estado viver abra\u00e7ado ao pensando de Tertuliano (160 \u2013 220 DC). P\u00c3O E CIRCO. Vi o verdadeiro homem. Este homem brasileiro \u00e9 o trabalhador honesto, o homem da fronteira, o policial que sacrifica sua vida pela sociedade. Vi a dedica\u00e7\u00e3o do soldado das Pol\u00edcias Militares, vi a santa m\u00e3e que n\u00e3o larga seu filho em qualquer situa\u00e7\u00e3o. E de tudo que vi quatro fato que aconteceram comigo permitem que eu diga: DEUS EXISTE NA SUA MARAVILHA TOTAL. Tive uma grande fam\u00edlia. Casei, perdi a minha primeira santa e casei uma segunda vez com outra santa. Recebi uma chuva de p\u00e9talas de rosas ao deixar o comando da Pol\u00edcia Militar de S\u00e3o Paulo. Vesti por 44 anos a farda do Ex\u00e9rcito Brasileiro. Nasci em 1924 e estou completando 91 no dia 24 de dezembro de 2015. Nesses 32.780 dias vi um pouco &nbsp;da nossa hist\u00f3ria. Vi a revolu\u00e7\u00e3o de 1930, ouvi falar de 32, 35, 37, 38, da guerra, da queda de Get\u00falio. A partir de 1947, vivi nos quarteis cumprindo ordem, instruindo jovens, vendo o Brasil balan\u00e7ar com a morte brusca de Get\u00falio. Golpe do Lott, Elei\u00e7\u00e3o &nbsp;de Juscelino, J\u00e2nio, Goulart. Governo dos presidentes Militares com o restabelecimento da ordem e volta da t\u00e3o falada democracia, o Estado Democr\u00e1tico de direito. A democracia para mim e para meu professor de direito \u00e9 o cumprimento da lei. Matar, assaltar, sequestar, assassinar, roubar, mentir s\u00e3o atos criminosos praticados por terroristas. Vi esta fase como Comandante do CPOR e mostrava ao jovens o que era a vida e eles ainda hoje vivem lutando pela democracia. Em 1988 fui para a reserva. Era a lei. Cheguei a general de Divis\u00e3o e formamos um GRUPO, chamado Grupo Guararapes. Comecei a ver coisas que nunca tinha visto. Parecia coisa de alma do outro mundo, alma penada, &nbsp;ou lobisomem . O Grupo previu a queda de Collor um ano antes. Quando ele, na campanha, subiu as escadas do TSE com papeis na m\u00e3o chamando o Presidente da Rep\u00fablica de &nbsp;nomes impublic\u00e1veis, sentimos que tudo estava perdido. Come\u00e7amos a descer a ladeira. Apareceu um grupo de esquerda forte e dizendo-se dono da verdade. Derrubou COLLOR e foi contra tudo e contra todos. Iria salvar O Brasil. Como no Brasil n\u00e3o se l\u00ea &nbsp;a mediocridade ia dominando. O GRUPO foi se afirmando no meio da popula\u00e7\u00e3o brasileira, na maioria semianalfabeta, chegou ao governo, AO &nbsp;COMANDO DE UM HOMEM &nbsp;ESPERTO E SEMI-ANALFABETO. Cai COLLOR. Sobe Itamar. Vamos fazer parte da CEI (COMISS\u00c3O ESPECIAL DE INVESTIGA\u00c7\u00c3O). &nbsp;Vi a podrid\u00e3o por dentro. Meu Deus. Novo governo e tudo da CEI jogado fora. Os bandidos protegidos. A idade avan\u00e7ava. O GRUPO publicava documentos fortes, mostrando a realidade. Todos cegos, surdos e mudos. Sabia-se que o desastre se aproximava. Sabia-se o que iria acontecer e aconteceu, pois n\u00e3o podemosesquecer o que afirmou o revolucion\u00e1rio &nbsp; Mikhail Bakunin (criador do anarquismo): \u201cAqueles que antes eram oper\u00e1rios, ao se tornarem governantes ou representante do povo, deixar\u00e3o de ser oper\u00e1rios, passar\u00e3o a olhar os oper\u00e1rios do alto, &nbsp;n\u00e3o representar\u00e3o o povo, somente ele pr\u00f3prio&#8230; Quem duvidar disso \u00e9 porque n\u00e3o conhece a natureza humana.\u201d Chegamos onde chegamos,2015. Governo dito popular (13 anos) e &nbsp;o caos dominando o Pa\u00eds. Vamos l\u00e1: 1. Senador preso. Os presidentes da C\u00e2mara e do Senado acusados pela PGR de ladr\u00f5es e praticantes de outros crimes; 2. Processos escabrosos, sendo abertos e outros por serem abertos \u2013 3. S\u00f3 o peTrol\u00e3o seria suficiente para que o povo se revoltasse &nbsp;4 . Os PODERES EXECUTIVO E LEGISLATIVO apodreceram, faliram e os tr\u00eas chefes (Senado \u2013 C\u00e2mara e &nbsp;presidente da Rep\u00fablica) &nbsp;j\u00e1 deveriam ter sidos afastados e presos para o BEM DO BRASIL. CHORO pelos meus netos e bisnetos. N\u00e3o acreditam no Pa\u00eds. O que ser\u00e3o deles. Pa\u00eds governado por biltres, corruptos, corruptores, c\u00ednicos, devassos. Quando li a frase de Luiz Costa; \u201cse o dinheiro e muitas vulvas falassem sobre o Brasil\u201d fiquei sem fala. Esta \u00e9 a grande verdade. Para terminar assistimos o fim de tudo. H\u00e1 cr\u00edticas fortes contra os Ministros do STF. Falam que n\u00e3o s\u00e3o mais ju\u00edzes e sim, representantes de partido pol\u00edtico. O Poder judici\u00e1rio j\u00e1 n\u00e3o julga, legisla, pois Executivo e Legislativo se digladiam pela posse do PODER. O \u00daLTIMO QUE SAIR FECHE \u00c0 PORTA.<\/span><\/b><\/div>\n<div style=\"text-align: justify;\"><b><span style=\"color: #20124d;\"><br \/><\/span><\/b><\/div>\n<div style=\"text-align: center;\"><b><span style=\"color: #20124d;\">Gen. de Div.Ref. Francisco Batista Torres de Melo.<\/span><\/b><\/div>\n<div style=\"text-align: center;\"><b><span style=\"color: #20124d;\">&nbsp;6 DE JANEIRO de 2016.&nbsp;<\/span><\/b><\/div>\n<div style=\"text-align: center;\"><b><span style=\"color: #20124d;\"><br \/><\/span><\/b><\/div>\n<div style=\"text-align: center;\"><b><span style=\"color: #20124d;\">SE CONCORDAR &nbsp;REPASSE PARA O BEM DO &nbsp;BRASIL<\/span><\/b><\/div>\n<div style=\"text-align: center;\"><b><span style=\"color: #20124d;\"><br \/><\/span><\/b><\/div>\n<div style=\"text-align: center;\"><b><span style=\"color: #20124d;\">GRUPO &nbsp;GUARARAPES<\/span><\/b><\/div>\n","protected":false},"excerpt":{"rendered":"<p>Acabei de receber por E.Mail. Foi escrita por um homem com mais de 90 anos. Eu apenas complementaria com o seguinte pensamento: A cria\u00e7\u00e3o dessa Rep\u00fablica foi um grave erro. Hoje, ela apodreceu de vez, sem moral, sem \u00e9tica e &hellip; <a href=\"https:\/\/vincit3.com.br\/index.php\/2016\/01\/07\/a-revolucao-bate-a-nossa-porta\/\">Continue lendo <span class=\"meta-nav\">&rarr;<\/span><\/a><\/p>\n","protected":false},"author":1,"featured_media":0,"comment_status":"open","ping_status":"open","sticky":false,"template":"","format":"standard","meta":{"footnotes":""},"categories":[176,177,178,179,62,175],"tags":[],"class_list":["post-102","post","type-post","status-publish","format-standard","hentry","category-getulio","category-goulart","category-guararapes","category-juscelino","category-stf","category-tertuliano"],"_links":{"self":[{"href":"https:\/\/vincit3.com.br\/index.php\/wp-json\/wp\/v2\/posts\/102","targetHints":{"allow":["GET"]}}],"collection":[{"href":"https:\/\/vincit3.com.br\/index.php\/wp-json\/wp\/v2\/posts"}],"about":[{"href":"https:\/\/vincit3.com.br\/index.php\/wp-json\/wp\/v2\/types\/post"}],"author":[{"embeddable":true,"href":"https:\/\/vincit3.com.br\/index.php\/wp-json\/wp\/v2\/users\/1"}],"replies":[{"embeddable":true,"href":"https:\/\/vincit3.com.br\/index.php\/wp-json\/wp\/v2\/comments?post=102"}],"version-history":[{"count":0,"href":"https:\/\/vincit3.com.br\/index.php\/wp-json\/wp\/v2\/posts\/102\/revisions"}],"wp:attachment":[{"href":"https:\/\/vincit3.com.br\/index.php\/wp-json\/wp\/v2\/media?parent=102"}],"wp:term":[{"taxonomy":"category","embeddable":true,"href":"https:\/\/vincit3.com.br\/index.php\/wp-json\/wp\/v2\/categories?post=102"},{"taxonomy":"post_tag","embeddable":true,"href":"https:\/\/vincit3.com.br\/index.php\/wp-json\/wp\/v2\/tags?post=102"}],"curies":[{"name":"wp","href":"https:\/\/api.w.org\/{rel}","templated":true}]}}